{"id":54017,"date":"2025-09-05T08:37:54","date_gmt":"2025-09-05T05:37:54","guid":{"rendered":"https:\/\/ccisv.ro\/content\/?p=54017"},"modified":"2025-09-10T12:54:39","modified_gmt":"2025-09-10T09:54:39","slug":"seminar-de-fiscalitate-cu-adrian-benta-06-octombrie-2025","status":"publish","type":"post","link":"https:\/\/ccisv.ro\/content\/seminar-de-fiscalitate-cu-adrian-benta-06-octombrie-2025\/","title":{"rendered":"SEMINAR de fiscalitate cu Adrian BEN\u021aA 06 octombrie 2025"},"content":{"rendered":"<div class=\"fusion-fullwidth fullwidth-box fusion-builder-row-1 fusion-flex-container nonhundred-percent-fullwidth non-hundred-percent-height-scrolling\" style=\"--awb-border-radius-top-left:0px;--awb-border-radius-top-right:0px;--awb-border-radius-bottom-right:0px;--awb-border-radius-bottom-left:0px;--awb-flex-wrap:wrap;\" ><div class=\"fusion-builder-row fusion-row fusion-flex-align-items-flex-start fusion-flex-content-wrap\" style=\"max-width:1144px;margin-left: calc(-4% \/ 2 );margin-right: calc(-4% \/ 2 );\"><div class=\"fusion-layout-column fusion_builder_column fusion-builder-column-0 fusion_builder_column_1_1 1_1 fusion-flex-column\" style=\"--awb-bg-size:cover;--awb-width-large:100%;--awb-margin-top-large:0px;--awb-spacing-right-large:1.92%;--awb-margin-bottom-large:0px;--awb-spacing-left-large:1.92%;--awb-width-medium:100%;--awb-spacing-right-medium:1.92%;--awb-spacing-left-medium:1.92%;--awb-width-small:100%;--awb-spacing-right-small:1.92%;--awb-spacing-left-small:1.92%;\"><div class=\"fusion-column-wrapper fusion-flex-justify-content-flex-start fusion-content-layout-column\"><div class=\"fusion-text fusion-text-1\"><p><strong>Dragi antreprenori, speciali\u0219ti \u0219i profesioni\u0219ti din domeniul fiscal,<\/strong><\/p>\n<p>Camera de Comer\u021b \u0219i Industrie Suceava v\u0103 invit\u0103 s\u0103 participa\u021bi la o nou\u0103 edi\u021bie a <strong>seminariilor de fiscalitate<\/strong> organizate \u00een colaborare cu Adrian BEN\u021aA, care va avea loc pe data de <strong>06 octombrie 2025.<\/strong><\/p>\n<p>A\u0219a cum v-am obi\u0219nuit, seminarul este dedicat mediului de afaceri sucevean, dar \u0219i tuturor celor care vor s\u0103 \u00ee\u0219i aprofundeze cuno\u0219tin\u021bele \u0219i s\u0103 r\u0103m\u00e2n\u0103 conecta\u021bi la cele mai recente modific\u0103ri legislative din domeniul fiscalit\u0103\u021bii.<\/p>\n<p>Evenimentul este la cea de a 8-a edi\u021bie \u0219i reprezint\u0103 un prilej excelent de a afla informa\u021bii utile \u0219i aplicabile \u00een activitatea de zi cu zi, dar \u0219i de a adresa \u00eentreb\u0103ri directe unui specialist recunoscut.<\/p>\n<p><strong>Unde?<\/strong>  Camera de Comer\u021b \u0219i Industrie Suceava \u2013 Str. Universit\u0103\u021bii nr. 15\u201317, sala 2, etajul 1<\/p>\n<p><strong>C\u00e2nd?<\/strong>   Luni, 6 octombrie 2025<\/p>\n<p><strong>Ora:<\/strong>      10:00 \u2013 16:00<strong> <\/strong><\/p>\n<p><strong>TEMATICA ABORDAT\u0102: <\/strong><\/p>\n<p>1. Nout\u0103\u021bi fiscale:<\/p>\n<ul>\n<li>Noile cote de TVA. Plafonul comunitar de 100.000 euro. Noul plafon de scutire de TVA. M\u0103surile tranzitorii \u00een domeniul TVA.<\/li>\n<li>Recapitula\u021bie \u00een domeniul TVA.<\/li>\n<li>Modific\u0103ri norme metodologice TVA produse alimentare cu 01.08.2025.<\/li>\n<li>Analiza evolu\u021biei accizelor pentru 10 produse.<\/li>\n<li>Modific\u0103ri punctuale cu privire la impozitul pe venitul persoanei fizice.<\/li>\n<li>Modific\u0103ri punctuale privind asigur\u0103rile sociale de s\u0103n\u0103tate \u2013 calcul concedii medicale.<\/li>\n<li>Modificare Declara\u021bie Unic\u0103, plata CASS persoane fizice.<\/li>\n<li>Modific\u0103ri cu privire la impozitul asupra cifrei de afaceri.<\/li>\n<\/ul>\n<p>2. Modific\u0103ri punctuale cu privire la Codul de procedur\u0103 fiscal\u0103, acordul de pre\u021b \u00een avans;<\/p>\n<p>3. Recalcul impozit pe profit \u2013 ultimul an pentru aplicarea bonifica\u021biei privind evolu\u021bia capitalurilor proprii;<\/p>\n<ul>\n<li>Recapitula\u021bie impozit datorat de nereziden\u021bi \u2013 accent pe redeven\u021be;<\/li>\n<li>Alte elemente punctuale \u00een domeniul fiscal. Dezbateri cu participan\u021bii la seminar.<strong><br \/>\n<\/strong><\/li>\n<\/ul>\n<p><strong>Tarif de participare:<\/strong> 350 lei\/ persoan\u0103 plus TVA.<\/p>\n<p><strong>\u00censcriere \u0219i plat\u0103: <\/strong>Participarea la eveniment este posibil\u0103 doar prin completarea <a href=\"https:\/\/docs.google.com\/forms\/d\/e\/1FAIpQLSdAsWVXpji7VN-Oaq5loO0KDyrqIPUfkMmBCfwYqs-AN2WOQw\/viewform\"><strong>talonului de \u00eenscriere!<\/strong><\/a><\/p>\n<p>Termenul limit\u0103 de \u00eenscriere \u0219i plat\u0103 este<strong> 03 octombrie 2025.<\/strong><\/p>\n<p><em>Plata taxei de participare va putea fi efectuat\u0103 prin virament bancar sau direct la sediul CCI Suceava, \u00een baza facturii generate \u0219i transmise dup\u0103 \u00eenregistrarea formularului de \u00eenscriere.<\/em><\/p>\n<p><em>Pentru mai multe detalii ne pute\u021bi contacta la num\u0103rul de telefon 0230 521 506, prin e-mail la <\/em><a href=\"mailto:office@ccisuceava.ro\"><em>office@ccisuceava.ro<\/em><\/a><em>. <\/em><\/p>\n<\/div><\/div><\/div><\/div><\/div>\n","protected":false},"excerpt":{"rendered":"","protected":false},"author":5,"featured_media":0,"comment_status":"closed","ping_status":"open","sticky":false,"template":"","format":"standard","meta":{"footnotes":""},"categories":[67],"tags":[],"class_list":["post-54017","post","type-post","status-publish","format-standard","hentry","category-activitati-cci"],"_links":{"self":[{"href":"https:\/\/ccisv.ro\/content\/wp-json\/wp\/v2\/posts\/54017","targetHints":{"allow":["GET"]}}],"collection":[{"href":"https:\/\/ccisv.ro\/content\/wp-json\/wp\/v2\/posts"}],"about":[{"href":"https:\/\/ccisv.ro\/content\/wp-json\/wp\/v2\/types\/post"}],"author":[{"embeddable":true,"href":"https:\/\/ccisv.ro\/content\/wp-json\/wp\/v2\/users\/5"}],"replies":[{"embeddable":true,"href":"https:\/\/ccisv.ro\/content\/wp-json\/wp\/v2\/comments?post=54017"}],"version-history":[{"count":4,"href":"https:\/\/ccisv.ro\/content\/wp-json\/wp\/v2\/posts\/54017\/revisions"}],"predecessor-version":[{"id":54052,"href":"https:\/\/ccisv.ro\/content\/wp-json\/wp\/v2\/posts\/54017\/revisions\/54052"}],"wp:attachment":[{"href":"https:\/\/ccisv.ro\/content\/wp-json\/wp\/v2\/media?parent=54017"}],"wp:term":[{"taxonomy":"category","embeddable":true,"href":"https:\/\/ccisv.ro\/content\/wp-json\/wp\/v2\/categories?post=54017"},{"taxonomy":"post_tag","embeddable":true,"href":"https:\/\/ccisv.ro\/content\/wp-json\/wp\/v2\/tags?post=54017"}],"curies":[{"name":"wp","href":"https:\/\/api.w.org\/{rel}","templated":true}]}}