{"id":52317,"date":"2024-05-30T09:38:02","date_gmt":"2024-05-30T06:38:02","guid":{"rendered":"https:\/\/ccisv.ro\/content\/?p=52317"},"modified":"2024-05-30T09:38:02","modified_gmt":"2024-05-30T06:38:02","slug":"misiune-economica-in-suedia-25-august-01-septembrie-2024","status":"publish","type":"post","link":"https:\/\/ccisv.ro\/content\/misiune-economica-in-suedia-25-august-01-septembrie-2024\/","title":{"rendered":"Misiune economic\u0103 \u00een SUEDIA &#8211; 25 august \u2013 01 septembrie 2024"},"content":{"rendered":"<p><img decoding=\"async\" class=\"alignnone size-full wp-image-52318\" src=\"https:\/\/ccisv.ro\/content\/wp-content\/uploads\/2024\/05\/misiune-economica-suedia.png\" alt=\"\" width=\"800\" height=\"400\" srcset=\"https:\/\/ccisv.ro\/content\/wp-content\/uploads\/2024\/05\/misiune-economica-suedia-200x100.png 200w, https:\/\/ccisv.ro\/content\/wp-content\/uploads\/2024\/05\/misiune-economica-suedia-300x150.png 300w, https:\/\/ccisv.ro\/content\/wp-content\/uploads\/2024\/05\/misiune-economica-suedia-400x200.png 400w, https:\/\/ccisv.ro\/content\/wp-content\/uploads\/2024\/05\/misiune-economica-suedia-500x250.png 500w, https:\/\/ccisv.ro\/content\/wp-content\/uploads\/2024\/05\/misiune-economica-suedia-600x300.png 600w, https:\/\/ccisv.ro\/content\/wp-content\/uploads\/2024\/05\/misiune-economica-suedia-700x350.png 700w, https:\/\/ccisv.ro\/content\/wp-content\/uploads\/2024\/05\/misiune-economica-suedia-768x384.png 768w, https:\/\/ccisv.ro\/content\/wp-content\/uploads\/2024\/05\/misiune-economica-suedia.png 800w\" sizes=\"(max-width: 800px) 100vw, 800px\" \/><\/p>\n<p>Camera de Comer\u021b \u0219i Industrie Suceava informeaz\u0103 companiile sucevene despre oportunitatea de a participa \u00een cadrul unei misiuni economice \u00een SUEDIA, organizat\u0103 de Afaceri.ro, \u00een perioada 25 august \u2013 01 septembrie 2024.<\/p>\n<p>V\u0103 invit\u0103m s\u0103 lua\u021bi parte la o experien\u021b\u0103 unic\u0103 de business \u00een inima Suediei, un lider mondial \u00een inova\u021bie \u0219i dezvoltare durabil\u0103, care v\u0103 ofer\u0103 posibilitatea de v\u0103 extinde afacerea \u0219i de a \u00eenv\u0103\u021ba direct de la unele dintre cele mai sustenabile \u0219i inovatoare companii din lume.<\/p>\n<p>Misiunea este dedicat\u0103 companiilor are doresc s\u0103-\u0219i extind\u0103 orizonturile \u0219i s\u0103 \u00ee\u0219i interna\u021bionalizeze afacerile, av\u00e2nd ca obiectiv principal promovarea \u00eent\u00e2lnirilor de afaceri, a interac\u021biunilor B2B, a evenimentelor de networking, conferin\u021be \u0219i pe stabilirea de noi contacte.<\/p>\n<p><strong>Beneficiile cheie ale misiunii comerciale \u00een Suedia:<\/strong><\/p>\n<p><em><u>\u00cent\u00e2lniri de afaceri \u0219i interac\u021biuni B2B:<\/u><\/em><\/p>\n<p>Misiunea ofer\u0103 o oportunitate unic\u0103 de \u00eent\u00e2lniri aprofundate, fa\u021b\u0103 \u00een fa\u021b\u0103, \u00eentre afacerile rom\u00e2ne\u0219ti \u0219i suedeze. Aceste interac\u021biuni sunt adaptate pentru a facilita discu\u021biile despre poten\u021biale parteneriate, pentru a explora oportunit\u0103\u021bi de asociere \u0219i pentru a \u00eencheia acorduri comerciale. Misiunea creeaz\u0103 un mediu ideal pentru dezvoltarea unor rela\u021bii de afaceri semnificative \u0219i pentru \u00een\u021belegerea diferitelor dinamici ale pie\u021bei.<\/p>\n<p><em><u>Oportunit\u0103\u021bi de creare de re\u021bele:<\/u><\/em><\/p>\n<p>Lideri de afaceri, antreprenori \u0219i exper\u021bi din industrie din Rom\u00e2nia \u0219i Suedia se vor \u00eent\u00e2lni \u00eentr-un mediu propice schimbului de idei, \u00eemp\u0103rt\u0103\u0219irii perspectivelor \u0219i dezvolt\u0103rii strategiei de colaborare. Aceste sesiuni de networking sunt esen\u021biale pentru stimularea colabor\u0103rilor care stimuleaz\u0103 inova\u021bia \u0219i cre\u0219terea.<\/p>\n<p><em><u>Conferin\u021be \u0219i schimb de cuno\u0219tin\u021be:<\/u><\/em><\/p>\n<p>Afaceri.ro a organizat o serie de conferin\u021be \u0219i seminarii, care vor fi sus\u021binute de exper\u021bi din industrie \u0219i vor aprofunda tendin\u021bele pie\u021bei, peisajele de reglementare, oportunit\u0103\u021bile de investi\u021bii \u0219i studii de caz de afaceri de succes. Cuno\u0219tin\u021bele \u00eemp\u0103rt\u0103\u0219ite \u00een timpul acestor evenimente sunt de nepre\u021buit, oferind participan\u021bilor o \u00een\u021belegere cuprinz\u0103toare a pie\u021bei suedeze \u0219i \u00eembun\u0103t\u0103\u021bind procesul de luare a deciziilor strategice.<\/p>\n<p><em><u>Explorarea oportunit\u0103\u021bilor profitabile:<\/u><\/em><\/p>\n<p>Suedia, cunoscut\u0103 pentru economia sa robust\u0103 \u0219i pia\u021ba bazat\u0103 pe inovare, prezint\u0103 un poten\u021bial vast neexploatat \u00een diverse sectoare. Aceast\u0103 misiune permite afacerilor rom\u00e2ne\u0219ti s\u0103 exploreze aceste oportunit\u0103\u021bi, s\u0103 \u00een\u021beleag\u0103 aspectele unice ale mediului de afaceri suedez \u0219i s\u0103 evalueze poten\u021bialul pie\u021bei. \u00cen mod similar, companiile suedeze pot explora c\u0103i de extindere \u00een Rom\u00e2nia \u0219i pe pia\u021ba european\u0103 mai larg\u0103.<\/p>\n<p><em><u>Formarea de noi contacte:<\/u><\/em> acest eveniment este o cale excelent\u0103 pentru stabilirea de noi contacte \u00een industrie.<\/p>\n<p>Participan\u021bii se pot conecta cu poten\u021biali clien\u021bi, furnizori, distribuitori \u0219i al\u021bi juc\u0103tori cheie din industrie. Cultivarea unei re\u021bele diverse de contacte poate duce la viitoare colabor\u0103ri, joint ventures \u0219i parteneriate de afaceri pe termen lung, deschiz\u00e2nd por\u021bile c\u0103tre expansiunea interna\u021bional\u0103 \u0219i succesul.<\/p>\n<p><strong>AGENDA <\/strong>misiunii \u0219i link-ul de \u00eenregistrare pot fi accesate aici:<strong>\u00a0 <\/strong><a href=\"https:\/\/www.afaceri.ro\/afaceri-ro-trade-mission-sweden-2024\/\">https:\/\/www.afaceri.ro\/afaceri-ro-trade-mission-sweden-2024\/<\/a><\/p>\n","protected":false},"excerpt":{"rendered":"<p>Camera de Comer\u021b \u0219i Industrie Suceava informeaz\u0103 companiile sucevene despre oportunitatea de a participa \u00een cadrul unei misiuni economice \u00een SUEDIA, organizat\u0103 de Afaceri.ro, \u00een perioada 25 august \u2013 01 septembrie 2024. V\u0103 invit\u0103m s\u0103 lua\u021bi parte la o experien\u021b\u0103 unic\u0103 de business \u00een inima Suediei, un lider mondial \u00een inova\u021bie \u0219i dezvoltare durabil\u0103, care<\/p>\n","protected":false},"author":5,"featured_media":0,"comment_status":"closed","ping_status":"open","sticky":false,"template":"","format":"standard","meta":{"footnotes":""},"categories":[60],"tags":[],"class_list":["post-52317","post","type-post","status-publish","format-standard","hentry","category-evenimente"],"_links":{"self":[{"href":"https:\/\/ccisv.ro\/content\/wp-json\/wp\/v2\/posts\/52317","targetHints":{"allow":["GET"]}}],"collection":[{"href":"https:\/\/ccisv.ro\/content\/wp-json\/wp\/v2\/posts"}],"about":[{"href":"https:\/\/ccisv.ro\/content\/wp-json\/wp\/v2\/types\/post"}],"author":[{"embeddable":true,"href":"https:\/\/ccisv.ro\/content\/wp-json\/wp\/v2\/users\/5"}],"replies":[{"embeddable":true,"href":"https:\/\/ccisv.ro\/content\/wp-json\/wp\/v2\/comments?post=52317"}],"version-history":[{"count":1,"href":"https:\/\/ccisv.ro\/content\/wp-json\/wp\/v2\/posts\/52317\/revisions"}],"predecessor-version":[{"id":52319,"href":"https:\/\/ccisv.ro\/content\/wp-json\/wp\/v2\/posts\/52317\/revisions\/52319"}],"wp:attachment":[{"href":"https:\/\/ccisv.ro\/content\/wp-json\/wp\/v2\/media?parent=52317"}],"wp:term":[{"taxonomy":"category","embeddable":true,"href":"https:\/\/ccisv.ro\/content\/wp-json\/wp\/v2\/categories?post=52317"},{"taxonomy":"post_tag","embeddable":true,"href":"https:\/\/ccisv.ro\/content\/wp-json\/wp\/v2\/tags?post=52317"}],"curies":[{"name":"wp","href":"https:\/\/api.w.org\/{rel}","templated":true}]}}