{"id":52294,"date":"2024-05-24T15:01:07","date_gmt":"2024-05-24T12:01:07","guid":{"rendered":"https:\/\/ccisv.ro\/content\/?p=52294"},"modified":"2024-05-24T15:01:07","modified_gmt":"2024-05-24T12:01:07","slug":"invitatie-la-editia-xl-a-targului-international-de-la-havana-4-9-noiembrie-2024","status":"publish","type":"post","link":"https:\/\/ccisv.ro\/content\/invitatie-la-editia-xl-a-targului-international-de-la-havana-4-9-noiembrie-2024\/","title":{"rendered":"Invita\u021bie la edi\u021bia XL a T\u00e2rgului Interna\u021bional de la Havana &#8211; 4-9 noiembrie 2024"},"content":{"rendered":"<p><strong>Comitetul de organizare al T\u00e2rgului Interna\u021bional de la Havana (FIHAV)<\/strong> are pl\u0103cerea de a transmite o c\u0103lduroas\u0103 invita\u021bie de a participa la cea de-a patruzecea edi\u021bie a sa. Acest spa\u021biu, consolidat ca una dintre cele mai prestigioase de acest gen din America Latin\u0103 \u0219i Caribe, va avea loc <strong>\u00een perioada 4-9 noiembrie 2024, la Havana, la targul ExpoCuba.<\/strong><\/p>\n<p>Ocazie va avea o conota\u021bie special\u0103, deoarece vom s\u0103rb\u0103tori 40 de ani de la conceperea celui mai mare t\u00e2rg comercial cu program multisectorial al Cubei \u0219i Caraibilor, care \u0219i-a avut originile \u00een anul 1984, datorit\u0103 viziunii comandantului \u0219ef, Fidel Castro Ruz.<\/p>\n<p>\u00cen fiecare an, T\u00e2rgul Interna\u021bional de la Havana reune\u0219te \u00een incinta sa mii de antreprenori din peste 700 de companii \u0219i peste 60 \u021b\u0103ri din toate regiunile lumii. Ca \u0219i \u00een edi\u021biile anterioare, \u00een luna noiembrie, expozan\u021bii na\u021bionali \u0219i str\u0103ini \u00ee\u0219i vor putea prezenta ofertele \u0219i oportunit\u0103\u021bile exportabile pentru afaceri, \u00een vederea stabilirii de alian\u021be strategice care s\u0103 contribuie la dezvoltarea socio-economic\u0103 a poporului nostru.<\/p>\n<p>\u00cen plus, se va desf\u0103\u0219ura \u0219i <strong>cel de-al VII-lea Forum de investi\u021bii, unde va fi lansat\u0103 Actualizarea Portofoliului de Oportunit\u0103\u021bi de Afaceri cu capital st\u0103in \u00een Cuba<\/strong>, instrument interactiv care presupune o abordare din ce \u00een ce mai local\u0103 \u0219i \u00eencorporeaz\u0103 proiecte \u00een sum\u0103 mic\u0103 pentru a extinde participarea \u00eentreprinderilor mici \u0219i mijlocii. De asemenea, vom participa la forumuri de afaceri, lans\u0103ri de produse noi, evenimente, prezent\u0103ri \u0219i conferin\u021be pe teme de interes pentru promovarea comer\u021bului exterior \u0219i a investi\u021biilor str\u0103ine.<\/p>\n<p>Cu o relevan\u021b\u0103 deosebit\u0103, un pavilion dedicat teritoriilor, \u00een care fiecare provincie \u0219i municipalitatea special\u0103 <em>Isla de Juventud (Insula Tinere\u021bii)<\/em>, \u00ee\u0219i vor prezenta poten\u021bialul \u0219i ni\u0219ele de pia\u021b\u0103.<\/p>\n<p>La fel, delega\u021biile fiec\u0103rei \u021b\u0103ri vor avea prilejul de a s\u0103rb\u0103tori Zilele Na\u021bionale, momentele mult a\u0219teptate de conota\u0163ie singular\u0103 care ne permit s\u0103 ar\u0103t\u0103m progresele ob\u0163inute \u00een rela\u0163iile bilaterale din punct de vedere comercial \u015fi al investi\u021biilor, precum \u0219i perspective de viitor pentru aprofundarea leg\u0103turile dintre Cuba \u0219i na\u021biunile participante.<\/p>\n<p>Acest eveniment, aflat la cea de-a 40-a edi\u021bie, va oferi mediul potrivit pentru explorarea de noi oportunit\u0103\u021bi \u00een r\u00e2ndul tuturor actorilor care se unesc \u00een \u021besutul economic al societ\u0103\u021bii cubaneze: companii publice, oameni de afaceri str\u0103ini, institu\u021bii financiare, \u00eentreprinderi mijlocii \u0219i mici, cooperative, proiecte de dezvoltare local\u0103, cubanezi reziden\u021bi \u00een str\u0103in\u0103tate, precum \u0219i\u00a0 organiza\u021biile interna\u021bionale \u0219i institu\u021biile care faciliteaz\u0103 comer\u021bul.<\/p>\n<p>Cu mare entuziasm si cu a\u0219teptarea de a obtine rezultate la \u00een\u0103l\u021bimea provoc\u0103rilor pe care le impun aceste vremuri, ne face pl\u0103cere s\u0103 v\u0103 invit\u0103m s\u0103 s\u0103rb\u0103tori\u021bi \u00eempreun\u0103 cu Cuba cea de-a 40-a edi\u021bie a T\u00e2rgului Interna\u021bional de la Havana.<\/p>\n","protected":false},"excerpt":{"rendered":"<p>Comitetul de organizare al T\u00e2rgului Interna\u021bional de la Havana (FIHAV) are pl\u0103cerea de a transmite o c\u0103lduroas\u0103 invita\u021bie de a participa la cea de-a patruzecea edi\u021bie a sa. Acest spa\u021biu, consolidat ca una dintre cele mai prestigioase de acest gen din America Latin\u0103 \u0219i Caribe, va avea loc \u00een perioada 4-9 noiembrie 2024, la Havana,<\/p>\n","protected":false},"author":5,"featured_media":0,"comment_status":"closed","ping_status":"open","sticky":false,"template":"","format":"standard","meta":{"footnotes":""},"categories":[66],"tags":[],"class_list":["post-52294","post","type-post","status-publish","format-standard","hentry","category-info-afaceri"],"_links":{"self":[{"href":"https:\/\/ccisv.ro\/content\/wp-json\/wp\/v2\/posts\/52294","targetHints":{"allow":["GET"]}}],"collection":[{"href":"https:\/\/ccisv.ro\/content\/wp-json\/wp\/v2\/posts"}],"about":[{"href":"https:\/\/ccisv.ro\/content\/wp-json\/wp\/v2\/types\/post"}],"author":[{"embeddable":true,"href":"https:\/\/ccisv.ro\/content\/wp-json\/wp\/v2\/users\/5"}],"replies":[{"embeddable":true,"href":"https:\/\/ccisv.ro\/content\/wp-json\/wp\/v2\/comments?post=52294"}],"version-history":[{"count":1,"href":"https:\/\/ccisv.ro\/content\/wp-json\/wp\/v2\/posts\/52294\/revisions"}],"predecessor-version":[{"id":52295,"href":"https:\/\/ccisv.ro\/content\/wp-json\/wp\/v2\/posts\/52294\/revisions\/52295"}],"wp:attachment":[{"href":"https:\/\/ccisv.ro\/content\/wp-json\/wp\/v2\/media?parent=52294"}],"wp:term":[{"taxonomy":"category","embeddable":true,"href":"https:\/\/ccisv.ro\/content\/wp-json\/wp\/v2\/categories?post=52294"},{"taxonomy":"post_tag","embeddable":true,"href":"https:\/\/ccisv.ro\/content\/wp-json\/wp\/v2\/tags?post=52294"}],"curies":[{"name":"wp","href":"https:\/\/api.w.org\/{rel}","templated":true}]}}