{"id":51971,"date":"2024-03-07T10:21:49","date_gmt":"2024-03-07T07:21:49","guid":{"rendered":"https:\/\/ccisv.ro\/content\/?p=51971"},"modified":"2024-03-07T10:21:49","modified_gmt":"2024-03-07T07:21:49","slug":"platforma-de-cooperare-a-oraselor-balcanice","status":"publish","type":"post","link":"https:\/\/ccisv.ro\/content\/platforma-de-cooperare-a-oraselor-balcanice\/","title":{"rendered":"Platforma de Cooperare a Oraselor Balcanice"},"content":{"rendered":"<p>Dorim s\u0103 v\u0103 aducem la cuno\u015ftin\u0163\u0103 lansarea \u201cPlatformei de Cooperare a Ora\u015felor Balcanice\u201d av\u00e2nd ca scop dezvoltarea leg\u0103turilor economice \u015fi comerciale dintre Edime, Turcia \u015fi \u0163\u0103rile balcanice.<\/p>\n<p>\u00cen acest context, \u00een anul 2024 va avea loc \u00a0evenimentul \u201cSummitul oamenilor de Afaceri din Balcani\u201d organizat de Ambasada Republicii Turcia cu sprijinul Agen\u0163iei de Dezvoltare Trakya.<\/p>\n<p>Summitul se va desf\u0103\u015fura pe parcursul a trei zile la Edime (17-19 aprilie 2024), iar delega\u0163iile vor beneficia de cazare, mas\u0103, precum \u015fi transferal de la aeroportul Istanbul la Edime, asigurate de Agen\u0163ia de Dezvoltare Trakya.<\/p>\n<p>Summitul va reuni reprezentan\u0163i ai sectorului de confec\u0163ii, utilaje Agricole, produse alimentare, ambalaje, aluminiu, consum angro \u015fi retail, exporturi de legume \u015fi fructe proaspete, turism, produse forestiere, lemnoase \u015fi produse de mobilier.<\/p>\n<p>Pentru mai multe detalii v\u0103 rug\u0103m s\u0103 ne contacta\u0163i la adresa <strong>office@ccisuceava.ro<\/strong>.<\/p>\n","protected":false},"excerpt":{"rendered":"<p>Dorim s\u0103 v\u0103 aducem la cuno\u015ftin\u0163\u0103 lansarea \u201cPlatformei de Cooperare a Ora\u015felor Balcanice\u201d av\u00e2nd ca scop dezvoltarea leg\u0103turilor economice \u015fi comerciale dintre Edime, Turcia \u015fi \u0163\u0103rile balcanice. \u00cen acest context, \u00een anul 2024 va avea loc \u00a0evenimentul \u201cSummitul oamenilor de Afaceri din Balcani\u201d organizat de Ambasada Republicii Turcia cu sprijinul Agen\u0163iei de Dezvoltare Trakya. Summitul<\/p>\n","protected":false},"author":5,"featured_media":0,"comment_status":"closed","ping_status":"open","sticky":false,"template":"","format":"standard","meta":{"footnotes":""},"categories":[66],"tags":[],"class_list":["post-51971","post","type-post","status-publish","format-standard","hentry","category-info-afaceri"],"_links":{"self":[{"href":"https:\/\/ccisv.ro\/content\/wp-json\/wp\/v2\/posts\/51971","targetHints":{"allow":["GET"]}}],"collection":[{"href":"https:\/\/ccisv.ro\/content\/wp-json\/wp\/v2\/posts"}],"about":[{"href":"https:\/\/ccisv.ro\/content\/wp-json\/wp\/v2\/types\/post"}],"author":[{"embeddable":true,"href":"https:\/\/ccisv.ro\/content\/wp-json\/wp\/v2\/users\/5"}],"replies":[{"embeddable":true,"href":"https:\/\/ccisv.ro\/content\/wp-json\/wp\/v2\/comments?post=51971"}],"version-history":[{"count":1,"href":"https:\/\/ccisv.ro\/content\/wp-json\/wp\/v2\/posts\/51971\/revisions"}],"predecessor-version":[{"id":51972,"href":"https:\/\/ccisv.ro\/content\/wp-json\/wp\/v2\/posts\/51971\/revisions\/51972"}],"wp:attachment":[{"href":"https:\/\/ccisv.ro\/content\/wp-json\/wp\/v2\/media?parent=51971"}],"wp:term":[{"taxonomy":"category","embeddable":true,"href":"https:\/\/ccisv.ro\/content\/wp-json\/wp\/v2\/categories?post=51971"},{"taxonomy":"post_tag","embeddable":true,"href":"https:\/\/ccisv.ro\/content\/wp-json\/wp\/v2\/tags?post=51971"}],"curies":[{"name":"wp","href":"https:\/\/api.w.org\/{rel}","templated":true}]}}