{"id":51734,"date":"2024-01-12T16:49:24","date_gmt":"2024-01-12T13:49:24","guid":{"rendered":"https:\/\/ccisv.ro\/content\/?p=51734"},"modified":"2024-01-12T16:49:24","modified_gmt":"2024-01-12T13:49:24","slug":"invitatie-forumul-economic-pentru-francofonie-fef-bucuresti-27-29-martie-2024","status":"publish","type":"post","link":"https:\/\/ccisv.ro\/content\/invitatie-forumul-economic-pentru-francofonie-fef-bucuresti-27-29-martie-2024\/","title":{"rendered":"Invitatie-Forumul Economic pentru Francofonie (FEF) &#8211; Bucure\u0219ti, 27-29 martie 2024"},"content":{"rendered":"<p>\u00cen perioada 27-29 martie 2024, Rom\u00e2nia va g\u0103zdui Misiunea Economic\u0103 organizat\u0103 de Organiza\u021bia Interna\u021bional\u0103 a Francofoniei (OIF), \u00een marja c\u0103reia va avea loc la Bucure\u0219ti <b>Forumul Economic pentru Francofonie (FEF)<\/b>, cea mai important\u0103 platform\u0103 dedicat\u0103 comunit\u0103\u021bilor de afaceri din \u021b\u0103rile francofone. Evenimentul se aliniaz\u0103 Strategiei Economice pentru Francofonie 2020-2025 \u0219i va reuni antreprenori \u0219i oficiali guvernamentali din cele 88 de \u021b\u0103ri membre ale OIF.<\/p>\n<p><b>FEF <\/b>se va desf\u0103\u0219ura sub \u00eenaltul patronaj al Pre\u0219edin\u021biei Rom\u00e2niei, cu sprijinul OIF \u0219i implicarea direct\u0103 a Agen\u021biei Rom\u00e2ne pentru Investi\u021bii \u0219i Comer\u021b Exterior (ARICE), Ministerului Economiei, Antreprenoriatului \u0219i Turismului (MEAT), Camerei de Comer\u021b \u0219i Industrie a Rom\u00e2niei (CCIR) \u0219i a Ministerului Afacerilor Externe (MAE).<\/p>\n<p>\u00cen cadrul celor 2 zile de \u00eent\u00e2lniri B2B \u0219i ateliere de lucru dedicate, companiile rom\u00e2ne\u0219ti vor avea posibilitatea de a purta discu\u021bii aplicate cu poten\u021biali parteneri de afaceri din Africa, Asia, America de Nord, Caraibi, Europa \u0219i Oceanul Indian, cu scopul de a identifica noi oportunit\u0103\u021bi de parteneriate \u0219i dezvoltare pe pie\u021bele din aceste regiuni ale lumii.<\/p>\n<p>Sectoarele economice vizate \u00een cadrul FEF sunt: industria agro-alimentar\u0103, IT&amp;C, energie verde \u0219i industria medical\u0103.<\/p>\n<p>V\u0103 invit\u0103m s\u0103 confirma\u021bi participarea la eveniment prin \u00eenscriere, acces\u00e2nd link-ul:<\/p>\n<p align=\"center\"><b><a title=\"Inscription 2023 (francophonie.org)\" href=\"https:\/\/missions-economiques.roumanie.francophonie.org\/fr\/registration\/inscription\">Inscription 2023 (francophonie.org)<\/a><\/b><\/p>\n<p>Mai multe detalii despre eveniment pute\u021bi g\u0103si acces\u00e2nd link-ul:<\/p>\n<p align=\"center\"><b><a title=\"mecf_brochure_roumanie_211123.pdf (hubinstitute.com)\" href=\"https:\/\/insights.hubinstitute.com\/hubfs\/OIF\/MEAC%20ROUMANIE\/mecf_brochure_roumanie_211123.pdf\">mecf_brochure_roumanie_211123.pdf (hubinstitute.com)<\/a><\/b><\/p>\n<p><b>Loca\u021bia evenimentului: <\/b>Palatul Parlamentului<br \/>\n<b>Termenul limit\u0103 pentru \u00eenscrieri: 29.02.2024<\/b><\/p>\n<p>Pentru informa\u021bii \u0219i detalii suplimentare, v\u0103 rug\u0103m s\u0103 ne contacta\u021bi la adresa de mail: <a title=\"externe@ccir.ro\" href=\"mailto:externe@ccir.ro\">externe@ccir.ro<\/a>.<\/p>\n","protected":false},"excerpt":{"rendered":"<p>\u00cen perioada 27-29 martie 2024, Rom\u00e2nia va g\u0103zdui Misiunea Economic\u0103 organizat\u0103 de Organiza\u021bia Interna\u021bional\u0103 a Francofoniei (OIF), \u00een marja c\u0103reia va avea loc la Bucure\u0219ti Forumul Economic pentru Francofonie (FEF), cea mai important\u0103 platform\u0103 dedicat\u0103 comunit\u0103\u021bilor de afaceri din \u021b\u0103rile francofone. Evenimentul se aliniaz\u0103 Strategiei Economice pentru Francofonie 2020-2025 \u0219i va reuni antreprenori \u0219i oficiali<\/p>\n","protected":false},"author":5,"featured_media":0,"comment_status":"closed","ping_status":"open","sticky":false,"template":"","format":"standard","meta":{"footnotes":""},"categories":[66],"tags":[],"class_list":["post-51734","post","type-post","status-publish","format-standard","hentry","category-info-afaceri"],"_links":{"self":[{"href":"https:\/\/ccisv.ro\/content\/wp-json\/wp\/v2\/posts\/51734","targetHints":{"allow":["GET"]}}],"collection":[{"href":"https:\/\/ccisv.ro\/content\/wp-json\/wp\/v2\/posts"}],"about":[{"href":"https:\/\/ccisv.ro\/content\/wp-json\/wp\/v2\/types\/post"}],"author":[{"embeddable":true,"href":"https:\/\/ccisv.ro\/content\/wp-json\/wp\/v2\/users\/5"}],"replies":[{"embeddable":true,"href":"https:\/\/ccisv.ro\/content\/wp-json\/wp\/v2\/comments?post=51734"}],"version-history":[{"count":1,"href":"https:\/\/ccisv.ro\/content\/wp-json\/wp\/v2\/posts\/51734\/revisions"}],"predecessor-version":[{"id":51735,"href":"https:\/\/ccisv.ro\/content\/wp-json\/wp\/v2\/posts\/51734\/revisions\/51735"}],"wp:attachment":[{"href":"https:\/\/ccisv.ro\/content\/wp-json\/wp\/v2\/media?parent=51734"}],"wp:term":[{"taxonomy":"category","embeddable":true,"href":"https:\/\/ccisv.ro\/content\/wp-json\/wp\/v2\/categories?post=51734"},{"taxonomy":"post_tag","embeddable":true,"href":"https:\/\/ccisv.ro\/content\/wp-json\/wp\/v2\/tags?post=51734"}],"curies":[{"name":"wp","href":"https:\/\/api.w.org\/{rel}","templated":true}]}}