{"id":51715,"date":"2024-01-12T16:04:52","date_gmt":"2024-01-12T13:04:52","guid":{"rendered":"https:\/\/ccisv.ro\/content\/?p=51715"},"modified":"2024-01-12T16:04:52","modified_gmt":"2024-01-12T13:04:52","slug":"granturi-imm-4-1-1-4-1-1-anuntul-directoarei-autoritatii-de-management-poc-pentru-antreprenori-mergem-inainte-cu-procesarea-cererilor-si-cu-platile-in-2024","status":"publish","type":"post","link":"https:\/\/ccisv.ro\/content\/granturi-imm-4-1-1-4-1-1-anuntul-directoarei-autoritatii-de-management-poc-pentru-antreprenori-mergem-inainte-cu-procesarea-cererilor-si-cu-platile-in-2024\/","title":{"rendered":"Granturi IMM 4.1.1\/4.1.1. Anun\u021bul directoarei Autorit\u0103\u021bii de Management POC pentru antreprenori: Mergem \u00eenainte cu procesarea cererilor si cu platile \u00een 2024"},"content":{"rendered":"<p>O serie \u00eentreag\u0103 de firme care s-au calificat la fondurile europene de c\u00e2te 50.000-500.000 EUR din cadrul m\u0103surilor POC 4.1.1 \u0219i 4.1.1Bis nu \u0219i-au primit pl\u0103\u021bile p\u00e2n\u0103 vineri, 29 decembrie 2023, dar directoarea Autorit\u0103\u021bii de management a Programului Opera\u021bional Competitivitate din cadrul Ministerului Investi\u021biilor \u0219i Proiectelor Europene, Svetlana Gombo\u0219, d\u0103 asigur\u0103ri, s\u00e2mb\u0103t\u0103, pe Facebook, c\u0103 AM POC va merge \u00eenainte \u0219i \u00een anul 2024, at\u00e2t cu procesarea cererilor de plat\u0103 c\u00e2t \u0219i cu pl\u0103\u021bile c\u0103tre antreprenori.<\/p>\n<p><a href=\"https:\/\/www.startupcafe.ro\/fonduri-europene\/granturi-imm-anunt-directoare-ampoc-antreprenori-procesare-cereri-plati-2024.htm\" target=\"_blank\" rel=\"noopener\">Cite\u015fte mai mult<\/a><\/p>\n","protected":false},"excerpt":{"rendered":"<p>O serie \u00eentreag\u0103 de firme care s-au calificat la fondurile europene de c\u00e2te 50.000-500.000 EUR din cadrul m\u0103surilor POC 4.1.1 \u0219i 4.1.1Bis nu \u0219i-au primit pl\u0103\u021bile p\u00e2n\u0103 vineri, 29 decembrie 2023, dar directoarea Autorit\u0103\u021bii de management a Programului Opera\u021bional Competitivitate din cadrul Ministerului Investi\u021biilor \u0219i Proiectelor Europene, Svetlana Gombo\u0219, d\u0103 asigur\u0103ri, s\u00e2mb\u0103t\u0103, pe Facebook, c\u0103<\/p>\n","protected":false},"author":5,"featured_media":0,"comment_status":"closed","ping_status":"open","sticky":false,"template":"","format":"standard","meta":{"footnotes":""},"categories":[59],"tags":[],"class_list":["post-51715","post","type-post","status-publish","format-standard","hentry","category-info-legislativ"],"_links":{"self":[{"href":"https:\/\/ccisv.ro\/content\/wp-json\/wp\/v2\/posts\/51715","targetHints":{"allow":["GET"]}}],"collection":[{"href":"https:\/\/ccisv.ro\/content\/wp-json\/wp\/v2\/posts"}],"about":[{"href":"https:\/\/ccisv.ro\/content\/wp-json\/wp\/v2\/types\/post"}],"author":[{"embeddable":true,"href":"https:\/\/ccisv.ro\/content\/wp-json\/wp\/v2\/users\/5"}],"replies":[{"embeddable":true,"href":"https:\/\/ccisv.ro\/content\/wp-json\/wp\/v2\/comments?post=51715"}],"version-history":[{"count":1,"href":"https:\/\/ccisv.ro\/content\/wp-json\/wp\/v2\/posts\/51715\/revisions"}],"predecessor-version":[{"id":51716,"href":"https:\/\/ccisv.ro\/content\/wp-json\/wp\/v2\/posts\/51715\/revisions\/51716"}],"wp:attachment":[{"href":"https:\/\/ccisv.ro\/content\/wp-json\/wp\/v2\/media?parent=51715"}],"wp:term":[{"taxonomy":"category","embeddable":true,"href":"https:\/\/ccisv.ro\/content\/wp-json\/wp\/v2\/categories?post=51715"},{"taxonomy":"post_tag","embeddable":true,"href":"https:\/\/ccisv.ro\/content\/wp-json\/wp\/v2\/tags?post=51715"}],"curies":[{"name":"wp","href":"https:\/\/api.w.org\/{rel}","templated":true}]}}