{"id":51693,"date":"2024-01-12T15:59:58","date_gmt":"2024-01-12T12:59:58","guid":{"rendered":"https:\/\/ccisv.ro\/content\/?p=51693"},"modified":"2024-01-12T16:58:48","modified_gmt":"2024-01-12T13:58:48","slug":"targului-de-nunti-bucovina-2024","status":"publish","type":"post","link":"https:\/\/ccisv.ro\/content\/targului-de-nunti-bucovina-2024\/","title":{"rendered":"T\u00c2RGUL DE NUN\u0162I BUCOVINA 2024"},"content":{"rendered":"<p>Stimati parteneri,<\/p>\n<p>Camera de Comer\u0163 \u015fi Industrie Suceava are pl\u0103cerea de a anun\u021ba organizarea celei de <strong>a XVI- a edi\u0163ie a T\u00c2RGULUI DE NUN\u0162I BUCOVINA.<\/strong><\/p>\n<p>V\u0103 invit\u0103m s\u0103 participa\u021bi al\u0103turi de noi, \u00een calitate de expozant cu solu\u021bii \u0219i oferte pentru organizarea unuia dintre cele mai importante momente din via\u021ba unui cuplu.<\/p>\n<p><strong>Evenimentul se va desf\u0103\u015fura \u00een perioada 09 \u2013 11\u00a0 februarie 2024, la Iulius Mall Suceava, parter.<\/strong><\/p>\n<p>T\u00e2rgul de Nun\u021bi Bucovina este un moment mult a\u0219teptat de c\u0103tre viitorii miri \u0219i reune\u0219te furnizori de produse \u0219i servicii specializate din domeniul evenimentelor, cu cele mai bune oferte \u00een materie de rochii de mireas\u0103 \u0219i costume de mire, verighete \u0219i bijuterii, decora\u021biuni \u0219i aranjamente florale, s\u0103li de nun\u021bi, produse de cofet\u0103rie, servicii foto-video \u0219i multe altele.<\/p>\n<p>Totodat\u0103, \u00een cadrul evenimentului de anul acesta, cuplurile pot g\u0103si cadoul perfect pentru Ziua \u00cendr\u0103gosti\u021bilor.<\/p>\n<p>Ata\u015fat v\u0103 transmitem spre analiz\u0103 \u0219i completare, Adeziunea Contract \u015fi anexele acesteia care cuprind informa\u0163iile complete cu privire la condi\u0163iile de participare.<\/p>\n<p><strong>Termenul limit\u0103 pentru confirmarea particip\u0103rii dumneavoastr\u0103 este 05 februarie 2024.<\/strong><\/p>\n<p><strong>Pentru contractarea spa\u021biilor \u0219i informa\u0163ii suplimentare, echipa de organizare v\u0103 st\u0103 cu pl\u0103cere la dispozi\u0163ie:<\/strong><\/p>\n<p>&#8211;\u00a0 \u00a0Teona Mois\u0103: 0749 145 569, <a href=\"mailto:teona.moisa@ccisuceava.ro\">teona.moisa@ccisuceava.ro<\/a><\/p>\n<p>&#8211;\u00a0 \u00a0Adriana Mo\u0219neagu: 0740 252 222, <a href=\"mailto:adriana.mosneagu@ccisuceava.ro\">adriana.mosneagu@ccisuceava.ro<\/a><\/p>\n<p>&#8211; \u00a0Andrei P\u00ee\u021bul: 0741 221 495, <a href=\"mailto:andrei.pitul@ccisuceava.ro\">andrei.pitul@ccisuceava.ro<\/a><\/p>\n<p>&#8211; \u00a0Pagina Facebook a evenimentului: <a href=\"https:\/\/www.facebook.com\/targuldenuntisuceava\">https:\/\/www.facebook.com\/targuldenuntisuceava<\/a><\/p>\n<h2><a href=\"https:\/\/ccisv.ro\/content\/wp-content\/uploads\/2024\/01\/Invitatie-Targul-de-Nunti-Bucovina-09-11-februarie-2024.pdf\">Invita\u021bie T\u00e2rgul de Nun\u021bi Bucovina 09 &#8211; 11 februarie 2024<\/a><\/h2>\n<h2><a href=\"https:\/\/ccisv.ro\/content\/wp-content\/uploads\/2024\/01\/Adeziune-Contract-TN-2024.pdf\">Adeziune Contract TN 2024<\/a><\/h2>\n<h2><a href=\"https:\/\/ccisv.ro\/content\/wp-content\/uploads\/2024\/01\/Anexa-1-Regulament-de-participare-2024.pdf\">Anexa 1 &#8211; Regulament de participare 2024<\/a><\/h2>\n<h2><a href=\"https:\/\/ccisv.ro\/content\/wp-content\/uploads\/2024\/01\/Anexa-2-Schita.pdf\">Anexa 2 &#8211; Schi\u021ba<\/a><\/h2>\n<p>&nbsp;<\/p>\n","protected":false},"excerpt":{"rendered":"<p>Stimati parteneri, Camera de Comer\u0163 \u015fi Industrie Suceava are pl\u0103cerea de a anun\u021ba organizarea celei de a XVI- a edi\u0163ie a T\u00c2RGULUI DE NUN\u0162I BUCOVINA. V\u0103 invit\u0103m s\u0103 participa\u021bi al\u0103turi de noi, \u00een calitate de expozant cu solu\u021bii \u0219i oferte pentru organizarea unuia dintre cele mai importante momente din via\u021ba unui cuplu. Evenimentul se va<\/p>\n","protected":false},"author":5,"featured_media":0,"comment_status":"closed","ping_status":"open","sticky":false,"template":"","format":"standard","meta":{"footnotes":""},"categories":[67],"tags":[],"class_list":["post-51693","post","type-post","status-publish","format-standard","hentry","category-activitati-cci"],"_links":{"self":[{"href":"https:\/\/ccisv.ro\/content\/wp-json\/wp\/v2\/posts\/51693","targetHints":{"allow":["GET"]}}],"collection":[{"href":"https:\/\/ccisv.ro\/content\/wp-json\/wp\/v2\/posts"}],"about":[{"href":"https:\/\/ccisv.ro\/content\/wp-json\/wp\/v2\/types\/post"}],"author":[{"embeddable":true,"href":"https:\/\/ccisv.ro\/content\/wp-json\/wp\/v2\/users\/5"}],"replies":[{"embeddable":true,"href":"https:\/\/ccisv.ro\/content\/wp-json\/wp\/v2\/comments?post=51693"}],"version-history":[{"count":4,"href":"https:\/\/ccisv.ro\/content\/wp-json\/wp\/v2\/posts\/51693\/revisions"}],"predecessor-version":[{"id":51746,"href":"https:\/\/ccisv.ro\/content\/wp-json\/wp\/v2\/posts\/51693\/revisions\/51746"}],"wp:attachment":[{"href":"https:\/\/ccisv.ro\/content\/wp-json\/wp\/v2\/media?parent=51693"}],"wp:term":[{"taxonomy":"category","embeddable":true,"href":"https:\/\/ccisv.ro\/content\/wp-json\/wp\/v2\/categories?post=51693"},{"taxonomy":"post_tag","embeddable":true,"href":"https:\/\/ccisv.ro\/content\/wp-json\/wp\/v2\/tags?post=51693"}],"curies":[{"name":"wp","href":"https:\/\/api.w.org\/{rel}","templated":true}]}}