{"id":51605,"date":"2023-12-07T16:16:46","date_gmt":"2023-12-07T13:16:46","guid":{"rendered":"https:\/\/ccisv.ro\/content\/?p=51605"},"modified":"2023-12-07T16:16:46","modified_gmt":"2023-12-07T13:16:46","slug":"noua-amanare-la-fondurile-de-36-milioane-eur-pentru-firme-131-a-si-121-din-programul-regional-nord-vest","status":"publish","type":"post","link":"https:\/\/ccisv.ro\/content\/noua-amanare-la-fondurile-de-36-milioane-eur-pentru-firme-131-a-si-121-din-programul-regional-nord-vest\/","title":{"rendered":"Nou\u0103 am\u00e2nare la fondurile de 36 milioane EUR pentru firme: 131.A \u0219i 121 din Programul Regional Nord-Vest"},"content":{"rendered":"<p>Agen\u021bia pentru Dezvoltare Regional\u0103 (ADR) Nord-Vest a am\u00e2nat pentru anul 2024 cele dou\u0103 sesiuni de \u00eenscrieri la granturi totale de 36 de milioane de euro pentru digitalizarea IMM-urilor \u0219i investi\u021bii \u00een micro\u00eentreprinderi, din Programul Regional (REGIO) Nord-Vest, oper\u00e2ndu-se o serie de modific\u0103ri \u00een ghidul de derulare a finan\u021b\u0103rilor.<\/p>\n<p><a href=\"https:\/\/www.startupcafe.ro\/fonduri-europene\/noua-amanare-fonduri-36-milioane-euro-firme-131a-121-programul-regional-nord-vest\" target=\"_blank\" rel=\"noopener\">Cite\u015fte mai mult<\/a><\/p>\n","protected":false},"excerpt":{"rendered":"<p>Agen\u021bia pentru Dezvoltare Regional\u0103 (ADR) Nord-Vest a am\u00e2nat pentru anul 2024 cele dou\u0103 sesiuni de \u00eenscrieri la granturi totale de 36 de milioane de euro pentru digitalizarea IMM-urilor \u0219i investi\u021bii \u00een micro\u00eentreprinderi, din Programul Regional (REGIO) Nord-Vest, oper\u00e2ndu-se o serie de modific\u0103ri \u00een ghidul de derulare a finan\u021b\u0103rilor. Cite\u015fte mai mult<\/p>\n","protected":false},"author":5,"featured_media":0,"comment_status":"closed","ping_status":"open","sticky":false,"template":"","format":"standard","meta":{"footnotes":""},"categories":[59],"tags":[],"class_list":["post-51605","post","type-post","status-publish","format-standard","hentry","category-info-legislativ"],"_links":{"self":[{"href":"https:\/\/ccisv.ro\/content\/wp-json\/wp\/v2\/posts\/51605","targetHints":{"allow":["GET"]}}],"collection":[{"href":"https:\/\/ccisv.ro\/content\/wp-json\/wp\/v2\/posts"}],"about":[{"href":"https:\/\/ccisv.ro\/content\/wp-json\/wp\/v2\/types\/post"}],"author":[{"embeddable":true,"href":"https:\/\/ccisv.ro\/content\/wp-json\/wp\/v2\/users\/5"}],"replies":[{"embeddable":true,"href":"https:\/\/ccisv.ro\/content\/wp-json\/wp\/v2\/comments?post=51605"}],"version-history":[{"count":1,"href":"https:\/\/ccisv.ro\/content\/wp-json\/wp\/v2\/posts\/51605\/revisions"}],"predecessor-version":[{"id":51606,"href":"https:\/\/ccisv.ro\/content\/wp-json\/wp\/v2\/posts\/51605\/revisions\/51606"}],"wp:attachment":[{"href":"https:\/\/ccisv.ro\/content\/wp-json\/wp\/v2\/media?parent=51605"}],"wp:term":[{"taxonomy":"category","embeddable":true,"href":"https:\/\/ccisv.ro\/content\/wp-json\/wp\/v2\/categories?post=51605"},{"taxonomy":"post_tag","embeddable":true,"href":"https:\/\/ccisv.ro\/content\/wp-json\/wp\/v2\/tags?post=51605"}],"curies":[{"name":"wp","href":"https:\/\/api.w.org\/{rel}","templated":true}]}}