{"id":51554,"date":"2023-11-23T16:25:50","date_gmt":"2023-11-23T13:25:50","guid":{"rendered":"https:\/\/ccisv.ro\/content\/?p=51554"},"modified":"2023-11-23T16:25:50","modified_gmt":"2023-11-23T13:25:50","slug":"informare-cifre-de-scolarizare-invatamant-dual-si-profesional","status":"publish","type":"post","link":"https:\/\/ccisv.ro\/content\/informare-cifre-de-scolarizare-invatamant-dual-si-profesional\/","title":{"rendered":"INFORMARE: Cifre de \u0219colarizare \u00eenv\u0103\u021b\u0103m\u00e2nt dual \u0219i profesional"},"content":{"rendered":"<p>Ministerul Educa\u021biei a publicat Calendarul etapelor \u0219i ac\u021biunilor pentru stabilirea cifrei de \u0219colarizare \u00een \u00eenv\u0103\u021b\u0103m\u00e2ntul dual \u0219i \u00een \u00eenv\u0103\u021b\u0103m\u00e2ntul profesional, pentru anul \u0219colar 2024-2025.<br \/>\nPropunerile operatorilor economici privind locurile \u00een \u00eenv\u0103\u0163\u0103m\u00e2ntul preuniversitar dual \u015fi \u00een \u00eenv\u0103\u0163\u0103m\u00e2ntul profesional pot fi transmise p\u00e2n\u0103 la data de <b>08 decembrie 2023.<\/b><\/p>\n<p><b>Calendarul \u0219i modelele de documente pot fi desc\u0103rcate aici:<\/b><\/p>\n<h2><a href=\"https:\/\/ccisv.ro\/content\/wp-content\/uploads\/2023\/11\/Ordin-ME-6689.pdf\">Ordin ME 6689<\/a><\/h2>\n<h2><a href=\"https:\/\/ccisv.ro\/content\/wp-content\/uploads\/2023\/11\/Anexa-6_Solicit.scolarizare_inv.profesional.pdf\">Anexa 6_Solicit.scolarizare_inv.profesional<\/a><\/h2>\n<h2><a href=\"https:\/\/ccisv.ro\/content\/wp-content\/uploads\/2023\/11\/Anexa-7_Solicit.scolarizare_DUAL.pdf\">Anexa 7_Solicit.scolarizare_DUAL<\/a><\/h2>\n<p><b>Mai multe informa\u021bii pot fi solicitate Inspectoratului \u0218colar Jude\u021bean Suceava, la urm\u0103toarele date de contact:<\/b><br \/>\nTelefon: 0230520638<br \/>\nEmail: <a class=\"moz-txt-link-abbreviated\" href=\"mailto:isjsv@isj.sv.edu.ro\">isjsv@isj.sv.edu.ro<\/a><br \/>\nFax: 0230520637<b><br \/>\n<\/b><\/p>\n","protected":false},"excerpt":{"rendered":"<p>Ministerul Educa\u021biei a publicat Calendarul etapelor \u0219i ac\u021biunilor pentru stabilirea cifrei de \u0219colarizare \u00een \u00eenv\u0103\u021b\u0103m\u00e2ntul dual \u0219i \u00een \u00eenv\u0103\u021b\u0103m\u00e2ntul profesional, pentru anul \u0219colar 2024-2025. Propunerile operatorilor economici privind locurile \u00een \u00eenv\u0103\u0163\u0103m\u00e2ntul preuniversitar dual \u015fi \u00een \u00eenv\u0103\u0163\u0103m\u00e2ntul profesional pot fi transmise p\u00e2n\u0103 la data de 08 decembrie 2023. Calendarul \u0219i modelele de documente pot fi desc\u0103rcate<\/p>\n","protected":false},"author":5,"featured_media":0,"comment_status":"closed","ping_status":"open","sticky":false,"template":"","format":"standard","meta":{"footnotes":""},"categories":[59],"tags":[],"class_list":["post-51554","post","type-post","status-publish","format-standard","hentry","category-info-legislativ"],"_links":{"self":[{"href":"https:\/\/ccisv.ro\/content\/wp-json\/wp\/v2\/posts\/51554","targetHints":{"allow":["GET"]}}],"collection":[{"href":"https:\/\/ccisv.ro\/content\/wp-json\/wp\/v2\/posts"}],"about":[{"href":"https:\/\/ccisv.ro\/content\/wp-json\/wp\/v2\/types\/post"}],"author":[{"embeddable":true,"href":"https:\/\/ccisv.ro\/content\/wp-json\/wp\/v2\/users\/5"}],"replies":[{"embeddable":true,"href":"https:\/\/ccisv.ro\/content\/wp-json\/wp\/v2\/comments?post=51554"}],"version-history":[{"count":1,"href":"https:\/\/ccisv.ro\/content\/wp-json\/wp\/v2\/posts\/51554\/revisions"}],"predecessor-version":[{"id":51558,"href":"https:\/\/ccisv.ro\/content\/wp-json\/wp\/v2\/posts\/51554\/revisions\/51558"}],"wp:attachment":[{"href":"https:\/\/ccisv.ro\/content\/wp-json\/wp\/v2\/media?parent=51554"}],"wp:term":[{"taxonomy":"category","embeddable":true,"href":"https:\/\/ccisv.ro\/content\/wp-json\/wp\/v2\/categories?post=51554"},{"taxonomy":"post_tag","embeddable":true,"href":"https:\/\/ccisv.ro\/content\/wp-json\/wp\/v2\/tags?post=51554"}],"curies":[{"name":"wp","href":"https:\/\/api.w.org\/{rel}","templated":true}]}}