{"id":51482,"date":"2023-11-10T15:51:42","date_gmt":"2023-11-10T12:51:42","guid":{"rendered":"https:\/\/ccisv.ro\/content\/?p=51482"},"modified":"2023-11-10T15:51:42","modified_gmt":"2023-11-10T12:51:42","slug":"spania-propunere-cooperare-2","status":"publish","type":"post","link":"https:\/\/ccisv.ro\/content\/spania-propunere-cooperare-2\/","title":{"rendered":"Spania &#8211; Propunere cooperare"},"content":{"rendered":"<table border=\"1\">\n<tbody>\n<tr>\n<td width=\"252\">Compania<\/td>\n<td width=\"372\">Companie\/<em>start-up <\/em>spaniol<\/td>\n<\/tr>\n<tr>\n<td width=\"252\">Produsul solicitat<\/td>\n<td width=\"372\"><strong>Aparat electrocasnic de tipul unei cafetiere cu capsule.<\/strong><\/td>\n<\/tr>\n<tr>\n<td width=\"252\">Cantitate<\/td>\n<td width=\"372\">Se va stabili de c\u0103tre p\u0103r\u021bi<\/td>\n<\/tr>\n<tr>\n<td width=\"252\">Condi\u021bii tehnice specifice (certific\u0103ri, standarde, etc.)<\/td>\n<td width=\"372\">Se vor stabili de c\u0103tre p\u0103r\u021bi.<\/p>\n<p>Detalii specifice dup\u0103 semnarea \u00een prealabil a unui NDA.<\/td>\n<\/tr>\n<tr>\n<td width=\"252\">Condi\u021bii contractuale specifice (legisla\u021bie locala, etc).<\/td>\n<td width=\"372\">Se vor stabili de c\u0103tre p\u0103r\u021bi.<\/td>\n<\/tr>\n<tr>\n<td width=\"252\">Condi\u021bii de livrare\/transport<\/td>\n<td width=\"372\">Se vor stabili de c\u0103tre p\u0103r\u021bi<\/td>\n<\/tr>\n<tr>\n<td width=\"252\">Condi\u021bii de plata<\/td>\n<td width=\"372\">Se vor stabili de c\u0103tre p\u0103r\u021bi<\/td>\n<\/tr>\n<tr>\n<td width=\"252\">Date suplimentare<\/td>\n<td width=\"372\">Compania spaniol\u0103 este interesat\u0103 de un parteneriat cu<\/p>\n<p><strong>produc\u0103tori <\/strong>de <strong>aparate electrocasnice mici.<\/strong><\/td>\n<\/tr>\n<tr>\n<td colspan=\"2\" width=\"623\"><strong>Companiile rom\u00e2ne\u0219ti care pot furniza serviciile sus-men\u021bionate sunt rugate s\u0103 ia leg\u0103tura cu Biroul de Promovare Comercial\u0103 \u0219i Economic\u0103 din cadrul Ambasadei Rom\u00e2niei la Madrid:<\/strong><\/p>\n<p>\u00b7\u00a0\u00a0\u00a0\u00a0\u00a0\u00a0\u00a0\u00a0 Tel.: +34-913.45.45.53<\/p>\n<p>\u00b7\u00a0\u00a0\u00a0\u00a0\u00a0\u00a0\u00a0\u00a0 E-mail: <a href=\"mailto:madrid.economic@mae.ro\">madrid.economic@mae.ro<\/a><\/p>\n<p>\u00b7\u00a0\u00a0\u00a0\u00a0\u00a0\u00a0\u00a0\u00a0 Adresa: Avda. de Alfonso XIII, nr. 157, 28016 Madrid, Spania<\/td>\n<\/tr>\n<\/tbody>\n<\/table>\n","protected":false},"excerpt":{"rendered":"<p>Compania Companie\/start-up spaniol Produsul solicitat Aparat electrocasnic de tipul unei cafetiere cu capsule. Cantitate Se va stabili de c\u0103tre p\u0103r\u021bi Condi\u021bii tehnice specifice (certific\u0103ri, standarde, etc.) Se vor stabili de c\u0103tre p\u0103r\u021bi. Detalii specifice dup\u0103 semnarea \u00een prealabil a unui NDA. Condi\u021bii contractuale specifice (legisla\u021bie locala, etc). Se vor stabili de c\u0103tre p\u0103r\u021bi. Condi\u021bii de<\/p>\n","protected":false},"author":5,"featured_media":0,"comment_status":"closed","ping_status":"open","sticky":false,"template":"","format":"standard","meta":{"footnotes":""},"categories":[66],"tags":[],"class_list":["post-51482","post","type-post","status-publish","format-standard","hentry","category-info-afaceri"],"_links":{"self":[{"href":"https:\/\/ccisv.ro\/content\/wp-json\/wp\/v2\/posts\/51482","targetHints":{"allow":["GET"]}}],"collection":[{"href":"https:\/\/ccisv.ro\/content\/wp-json\/wp\/v2\/posts"}],"about":[{"href":"https:\/\/ccisv.ro\/content\/wp-json\/wp\/v2\/types\/post"}],"author":[{"embeddable":true,"href":"https:\/\/ccisv.ro\/content\/wp-json\/wp\/v2\/users\/5"}],"replies":[{"embeddable":true,"href":"https:\/\/ccisv.ro\/content\/wp-json\/wp\/v2\/comments?post=51482"}],"version-history":[{"count":1,"href":"https:\/\/ccisv.ro\/content\/wp-json\/wp\/v2\/posts\/51482\/revisions"}],"predecessor-version":[{"id":51483,"href":"https:\/\/ccisv.ro\/content\/wp-json\/wp\/v2\/posts\/51482\/revisions\/51483"}],"wp:attachment":[{"href":"https:\/\/ccisv.ro\/content\/wp-json\/wp\/v2\/media?parent=51482"}],"wp:term":[{"taxonomy":"category","embeddable":true,"href":"https:\/\/ccisv.ro\/content\/wp-json\/wp\/v2\/categories?post=51482"},{"taxonomy":"post_tag","embeddable":true,"href":"https:\/\/ccisv.ro\/content\/wp-json\/wp\/v2\/tags?post=51482"}],"curies":[{"name":"wp","href":"https:\/\/api.w.org\/{rel}","templated":true}]}}