{"id":51468,"date":"2023-11-10T15:44:05","date_gmt":"2023-11-10T12:44:05","guid":{"rendered":"https:\/\/ccisv.ro\/content\/?p=51468"},"modified":"2023-11-10T15:44:05","modified_gmt":"2023-11-10T12:44:05","slug":"noile-plafoane-de-plati-cash-2023-2024-2025-persoane-fizice-si-persoane-juridice","status":"publish","type":"post","link":"https:\/\/ccisv.ro\/content\/noile-plafoane-de-plati-cash-2023-2024-2025-persoane-fizice-si-persoane-juridice\/","title":{"rendered":"Noile plafoane de pl\u0103\u021bi cash 2023, 2024, 2025: persoane fizice \u0219i persoane juridice"},"content":{"rendered":"<p>Decizia Guvernului de a plafona \u0219i mai strict pl\u0103\u021bile \u00een numerar, pentru persoanele juridice \u0219i persoanele fizice, a generat nemul\u021bumire, iar luni \u0219i prim-ministrul a recunoscut c\u0103 \u201eeste o problem\u0103 la micii \u00eentreprinz\u0103tori\u201d.<\/p>\n<p><a href=\"https:\/\/www.startupcafe.ro\/taxe\/plafoane-plati-cash-2023-2024-2025-persoane-fizice-persoane-juridice.htm\" target=\"_blank\" rel=\"noopener\">Cite\u015fte mai mult<\/a><\/p>\n","protected":false},"excerpt":{"rendered":"<p>Decizia Guvernului de a plafona \u0219i mai strict pl\u0103\u021bile \u00een numerar, pentru persoanele juridice \u0219i persoanele fizice, a generat nemul\u021bumire, iar luni \u0219i prim-ministrul a recunoscut c\u0103 \u201eeste o problem\u0103 la micii \u00eentreprinz\u0103tori\u201d. Cite\u015fte mai mult<\/p>\n","protected":false},"author":5,"featured_media":0,"comment_status":"closed","ping_status":"open","sticky":false,"template":"","format":"standard","meta":{"footnotes":""},"categories":[59],"tags":[],"class_list":["post-51468","post","type-post","status-publish","format-standard","hentry","category-info-legislativ"],"_links":{"self":[{"href":"https:\/\/ccisv.ro\/content\/wp-json\/wp\/v2\/posts\/51468","targetHints":{"allow":["GET"]}}],"collection":[{"href":"https:\/\/ccisv.ro\/content\/wp-json\/wp\/v2\/posts"}],"about":[{"href":"https:\/\/ccisv.ro\/content\/wp-json\/wp\/v2\/types\/post"}],"author":[{"embeddable":true,"href":"https:\/\/ccisv.ro\/content\/wp-json\/wp\/v2\/users\/5"}],"replies":[{"embeddable":true,"href":"https:\/\/ccisv.ro\/content\/wp-json\/wp\/v2\/comments?post=51468"}],"version-history":[{"count":1,"href":"https:\/\/ccisv.ro\/content\/wp-json\/wp\/v2\/posts\/51468\/revisions"}],"predecessor-version":[{"id":51469,"href":"https:\/\/ccisv.ro\/content\/wp-json\/wp\/v2\/posts\/51468\/revisions\/51469"}],"wp:attachment":[{"href":"https:\/\/ccisv.ro\/content\/wp-json\/wp\/v2\/media?parent=51468"}],"wp:term":[{"taxonomy":"category","embeddable":true,"href":"https:\/\/ccisv.ro\/content\/wp-json\/wp\/v2\/categories?post=51468"},{"taxonomy":"post_tag","embeddable":true,"href":"https:\/\/ccisv.ro\/content\/wp-json\/wp\/v2\/tags?post=51468"}],"curies":[{"name":"wp","href":"https:\/\/api.w.org\/{rel}","templated":true}]}}