{"id":51354,"date":"2023-10-19T14:24:34","date_gmt":"2023-10-19T11:24:34","guid":{"rendered":"https:\/\/ccisv.ro\/content\/?p=51354"},"modified":"2023-10-19T14:24:34","modified_gmt":"2023-10-19T11:24:34","slug":"informare-privind-intalniri-b2b-organizate-de-camera-de-comert-konya-turcia","status":"publish","type":"post","link":"https:\/\/ccisv.ro\/content\/informare-privind-intalniri-b2b-organizate-de-camera-de-comert-konya-turcia\/","title":{"rendered":"Informare privind \u00eent\u00e2lniri B2B organizate de Camera de Comer\u021b Konya (Turcia)"},"content":{"rendered":"<p>V\u0103 inform\u0103m c\u0103, pe data de 6-9 noiembrie 2023, Camera de Comer\u021b Konya organizeaz\u0103 o misiune economic\u0103 \u00een Rom\u00e2nia.<\/p>\n<p>Delega\u021bia turc\u0103 va fi condus\u0103 la cel mai \u00eenalt nivel de domnul Sel\u00e7uk \u00d6zt\u00fcrk, pre\u0219edintele Camerei de Comer\u021b Konya \u0219i este compus\u0103 din 40 de companii din urm\u0103toarele sectoare de activitate: ascensoare, ma\u0219in\u0103rii \u0219i utilaje agricole, piese pentru industria produc\u0103toare de automobile, confec\u021bionarea de articole de \u00eenc\u0103l\u021b\u0103minte.<\/p>\n<p>\u00cen cadrul vizitei \u00een Rom\u00e2nia, partea turc\u0103, va organiza pe data de 7 noiembrie 2023, la Grand Hotel Bucure\u0219ti, \u00eencep\u00e2nd cu ora 10:00 a.m., o sesiune de \u00eent\u00e2lniri B2B la care sunt invitate companii rom\u00e2ne\u0219ti, cu care dore\u0219te s\u0103 stabileasc\u0103 rela\u021bii de colaborare.<\/p>\n<p>Pentru mai multe detalii privind companiile turce ce vor participa la sesiunea de \u00eent\u00e2lniri B2B, precum \u0219i pentru pa\u0219ii necesari de \u00eenscriere la acest eveniment, v\u0103 rug\u0103m s\u0103 consulta\u021bi link-ul reg\u0103sit mai jos.<\/p>\n<p><a href=\"https:\/\/b2bmeetingstr.com\/en\/event\/b2b-networking-event-with-turkish-manufacturers-in-bucharest-xi3029\">https:\/\/b2bmeetingstr.com\/en\/event\/b2b-networking-event-with-turkish-manufacturers-in-bucharest-xi3029<\/a><\/p>\n<p>&nbsp;<\/p>\n","protected":false},"excerpt":{"rendered":"<p>V\u0103 inform\u0103m c\u0103, pe data de 6-9 noiembrie 2023, Camera de Comer\u021b Konya organizeaz\u0103 o misiune economic\u0103 \u00een Rom\u00e2nia. Delega\u021bia turc\u0103 va fi condus\u0103 la cel mai \u00eenalt nivel de domnul Sel\u00e7uk \u00d6zt\u00fcrk, pre\u0219edintele Camerei de Comer\u021b Konya \u0219i este compus\u0103 din 40 de companii din urm\u0103toarele sectoare de activitate: ascensoare, ma\u0219in\u0103rii \u0219i utilaje agricole,<\/p>\n","protected":false},"author":5,"featured_media":0,"comment_status":"closed","ping_status":"open","sticky":false,"template":"","format":"standard","meta":{"footnotes":""},"categories":[66],"tags":[],"class_list":["post-51354","post","type-post","status-publish","format-standard","hentry","category-info-afaceri"],"_links":{"self":[{"href":"https:\/\/ccisv.ro\/content\/wp-json\/wp\/v2\/posts\/51354","targetHints":{"allow":["GET"]}}],"collection":[{"href":"https:\/\/ccisv.ro\/content\/wp-json\/wp\/v2\/posts"}],"about":[{"href":"https:\/\/ccisv.ro\/content\/wp-json\/wp\/v2\/types\/post"}],"author":[{"embeddable":true,"href":"https:\/\/ccisv.ro\/content\/wp-json\/wp\/v2\/users\/5"}],"replies":[{"embeddable":true,"href":"https:\/\/ccisv.ro\/content\/wp-json\/wp\/v2\/comments?post=51354"}],"version-history":[{"count":1,"href":"https:\/\/ccisv.ro\/content\/wp-json\/wp\/v2\/posts\/51354\/revisions"}],"predecessor-version":[{"id":51355,"href":"https:\/\/ccisv.ro\/content\/wp-json\/wp\/v2\/posts\/51354\/revisions\/51355"}],"wp:attachment":[{"href":"https:\/\/ccisv.ro\/content\/wp-json\/wp\/v2\/media?parent=51354"}],"wp:term":[{"taxonomy":"category","embeddable":true,"href":"https:\/\/ccisv.ro\/content\/wp-json\/wp\/v2\/categories?post=51354"},{"taxonomy":"post_tag","embeddable":true,"href":"https:\/\/ccisv.ro\/content\/wp-json\/wp\/v2\/tags?post=51354"}],"curies":[{"name":"wp","href":"https:\/\/api.w.org\/{rel}","templated":true}]}}