{"id":51337,"date":"2023-10-13T15:46:35","date_gmt":"2023-10-13T12:46:35","guid":{"rendered":"https:\/\/ccisv.ro\/content\/?p=51337"},"modified":"2023-10-13T15:46:35","modified_gmt":"2023-10-13T12:46:35","slug":"caravana-de-informare-nedezvoltam-microintreprinderile-ajunge-in-orasul-tau","status":"publish","type":"post","link":"https:\/\/ccisv.ro\/content\/caravana-de-informare-nedezvoltam-microintreprinderile-ajunge-in-orasul-tau\/","title":{"rendered":"Caravana de informare #NEdezvolt\u0103m micro\u00eentreprinderile ajunge \u00een ora\u0219ul t\u0103u!"},"content":{"rendered":"<p>Agen\u021bia pentru Dezvoltare Regional\u0103 Nord-Est vine \u00een \u00eent\u00e2mpinarea nevoii de cunoa\u0219tere a poten\u021bialilor beneficiari \u0219i organizeaz\u0103, \u00een perioada urm\u0103toare, o caravan\u0103 de informare dedicat\u0103 Apelului\u00a0<a href=\"https:\/\/regionordest.ro\/prioritatea-1\/modernizare-microintreprinderi\/\">\u201e<b>Investi\u021bii pentru modernizarea micro\u00eentreprinderilor<\/b>\u201d<\/a>. Caravana #NEdezvolt\u0103m micro\u00eentreprinderile va ajunge \u00een fiecare dintre jude\u021bele Regiunii, iar exper\u021bii ADR Nord-Est vor oferi informa\u021bii relevante despre acest apel \u0219i condi\u021biile de finan\u021bare cuprinse \u00een Ghidul Solicitantului. De asemenea, vei avea ocazia s\u0103 stai de vorb\u0103 \u0219i cu al\u021bi antreprenori care au ob\u021binut finan\u021bare \u00een programul anterior \u0219i care, astfel, \u0219i-au dezvoltat afacerea.<\/p>\n<p>Caravana #NEdezvolt\u0103m micro\u00eentreprinderile ajunge \u00een urm\u0103toarele loca\u021bii:<\/p>\n<ol>\n<li><strong>Bac\u0103u \u2013 17 octombrie 2023<\/strong>, interval orar 11:00-13:00, Hotel Fiald, Strada Tazl\u0103ului 7A<\/li>\n<li><strong>Suceava \u2013 19 octombrie 2023<\/strong>, interval orar 11:00-13:00, Hotel Mandachi, Bulevardul Sofia Vicoveanca 107<\/li>\n<li><strong>Boto\u0219ani \u2013 24 octombrie 2023<\/strong>, interval orar 11:00-13:00, Camera de Comer\u021b \u0219i Industrie Boto\u0219ani, Strada Drago\u0219 Vod\u0103 13<\/li>\n<li><strong>B\u00e2rlad \u2013 26 octombrie 2023<\/strong>, interval orar 11:00-13:00, Cinematograful Victoria, Bulevardul Republicii 250<\/li>\n<li><strong>Ia\u0219i \u2013 31 octombrie 2023<\/strong>, interval orar 11:00-13:00, Hotel Unirea, Pia\u021ba Unirii 5<\/li>\n<li><strong>Piatra Neam\u021b \u2013 2 noiembrie 2023<\/strong>, interval orar 11:00-13:00, Rubik Hub, Aleea Tineretului, nr. 26<\/li>\n<\/ol>\n<p>Apelul \u201eInvesti\u021bii pentru modernizarea micro\u00eentreprinderilor\u201d reprezint\u0103 o oportunitate real\u0103 pentru micii \u00eentreprinz\u0103tori din Regiunea Nord-Est. Cu o alocare financiar\u0103 de 30 de milioane de euro, acest apel ofer\u0103 resurse substan\u021biale pentru investi\u021bii productive \u00een micro\u00eentreprinderi, pentru modernizarea \u0219i dezvoltarea lor.<\/p>\n<p>Tot ce trebuie s\u0103 faci este s\u0103 te \u00eenregistrezi utiliz\u00e2nd\u00a0<a href=\"https:\/\/forms.gle\/VW7s19FYzfhbw4Z47\">linkul de aici<\/a>. Participarea este gratuit\u0103, \u00een limita locurilor disponibile.<\/p>\n<p>&nbsp;<\/p>\n","protected":false},"excerpt":{"rendered":"<p>Agen\u021bia pentru Dezvoltare Regional\u0103 Nord-Est vine \u00een \u00eent\u00e2mpinarea nevoii de cunoa\u0219tere a poten\u021bialilor beneficiari \u0219i organizeaz\u0103, \u00een perioada urm\u0103toare, o caravan\u0103 de informare dedicat\u0103 Apelului\u00a0\u201eInvesti\u021bii pentru modernizarea micro\u00eentreprinderilor\u201d. Caravana #NEdezvolt\u0103m micro\u00eentreprinderile va ajunge \u00een fiecare dintre jude\u021bele Regiunii, iar exper\u021bii ADR Nord-Est vor oferi informa\u021bii relevante despre acest apel \u0219i condi\u021biile de finan\u021bare cuprinse \u00een<\/p>\n","protected":false},"author":5,"featured_media":0,"comment_status":"closed","ping_status":"open","sticky":false,"template":"","format":"standard","meta":{"footnotes":""},"categories":[66],"tags":[],"class_list":["post-51337","post","type-post","status-publish","format-standard","hentry","category-info-afaceri"],"_links":{"self":[{"href":"https:\/\/ccisv.ro\/content\/wp-json\/wp\/v2\/posts\/51337","targetHints":{"allow":["GET"]}}],"collection":[{"href":"https:\/\/ccisv.ro\/content\/wp-json\/wp\/v2\/posts"}],"about":[{"href":"https:\/\/ccisv.ro\/content\/wp-json\/wp\/v2\/types\/post"}],"author":[{"embeddable":true,"href":"https:\/\/ccisv.ro\/content\/wp-json\/wp\/v2\/users\/5"}],"replies":[{"embeddable":true,"href":"https:\/\/ccisv.ro\/content\/wp-json\/wp\/v2\/comments?post=51337"}],"version-history":[{"count":1,"href":"https:\/\/ccisv.ro\/content\/wp-json\/wp\/v2\/posts\/51337\/revisions"}],"predecessor-version":[{"id":51338,"href":"https:\/\/ccisv.ro\/content\/wp-json\/wp\/v2\/posts\/51337\/revisions\/51338"}],"wp:attachment":[{"href":"https:\/\/ccisv.ro\/content\/wp-json\/wp\/v2\/media?parent=51337"}],"wp:term":[{"taxonomy":"category","embeddable":true,"href":"https:\/\/ccisv.ro\/content\/wp-json\/wp\/v2\/categories?post=51337"},{"taxonomy":"post_tag","embeddable":true,"href":"https:\/\/ccisv.ro\/content\/wp-json\/wp\/v2\/tags?post=51337"}],"curies":[{"name":"wp","href":"https:\/\/api.w.org\/{rel}","templated":true}]}}