{"id":51309,"date":"2023-10-06T15:00:41","date_gmt":"2023-10-06T12:00:41","guid":{"rendered":"https:\/\/ccisv.ro\/content\/?p=51309"},"modified":"2023-10-06T15:00:41","modified_gmt":"2023-10-06T12:00:41","slug":"invitatie-la-ekogala-targul-international-de-alimentatie-si-produse-de-inalta-calitate","status":"publish","type":"post","link":"https:\/\/ccisv.ro\/content\/invitatie-la-ekogala-targul-international-de-alimentatie-si-produse-de-inalta-calitate\/","title":{"rendered":"Invita\u021bie la EKOGALA &#8211; T\u00e2rgul interna\u021bional de alimenta\u021bie \u0219i produse de \u00eenalt\u0103 calitate"},"content":{"rendered":"<p>\u00cen numele domnului W\u0142adys\u0142aw Ortyl, Mare\u0219alul Voievodatului Podkarpackie, dorim s\u0103 v\u0103 invitam la cea de-a 17-a edi\u021bie a T\u00e2rgului interna\u021bional de alimenta\u021bie \u0219i produse de \u00eenalt\u0103 calitate EKOGALA, care va avea loc \u00een perioada 16-17 decembrie 2023, la centrul expozi\u021bional \u0219i de congrese Podkarpackie Arena G2A.<\/p>\n<p>\u00cen acela\u0219i timp, v\u0103 adresam rug\u0103mintea s\u0103 distribui\u021bi informa\u021bia despre eveniment, organiza\u021biilor din acest sector, antreprenorilor \u0219i produc\u0103torilor de alimente tradi\u021bionale \u0219i organice din regiune, care ar putea fi interesa\u021bi de participare.<\/p>\n<p>Ekogala este organizat\u0103 de mai mul\u021bi ani de conducerea Voievodatului Podkarpackie \u0219i se dore\u0219te cre\u0219terea con\u0219tientiz\u0103rii referitoare la produsele organice \u0219i a hranei de calitate superioar\u0103. De asemenea, reprezint\u0103 \u0219i o platform\u0103 pentru stabilirea de contacte de afaceri cu parteneri locali \u0219i str\u0103ini, pentru realizarea unui schimb de experien\u021b\u0103.<\/p>\n<p>T\u00e2rgul este, de asemenea, o oportunitate foarte bun\u0103 de a participa la diverse seminarii, prezent\u0103ri, degust\u0103ri, competi\u021bii \u0219i spectacole culinare. Num\u0103rul expozan\u021bilor \u0219i al vizitatorilor la t\u00e2rg din Polonia \u0219i din str\u0103in\u0103tate a crescut constant anual.<\/p>\n<p>Toate informa\u021biile despre EKOGALA, termenii \u0219i condi\u021biile, precum \u0219i formularul de \u00eenregistrare sunt disponibile pe pagina web <a href=\"http:\/\/www.ekogala.eu\">www.ekogala.eu<\/a><\/p>\n","protected":false},"excerpt":{"rendered":"<p>\u00cen numele domnului W\u0142adys\u0142aw Ortyl, Mare\u0219alul Voievodatului Podkarpackie, dorim s\u0103 v\u0103 invitam la cea de-a 17-a edi\u021bie a T\u00e2rgului interna\u021bional de alimenta\u021bie \u0219i produse de \u00eenalt\u0103 calitate EKOGALA, care va avea loc \u00een perioada 16-17 decembrie 2023, la centrul expozi\u021bional \u0219i de congrese Podkarpackie Arena G2A. \u00cen acela\u0219i timp, v\u0103 adresam rug\u0103mintea s\u0103 distribui\u021bi informa\u021bia<\/p>\n","protected":false},"author":5,"featured_media":0,"comment_status":"closed","ping_status":"open","sticky":false,"template":"","format":"standard","meta":{"footnotes":""},"categories":[66],"tags":[],"class_list":["post-51309","post","type-post","status-publish","format-standard","hentry","category-info-afaceri"],"_links":{"self":[{"href":"https:\/\/ccisv.ro\/content\/wp-json\/wp\/v2\/posts\/51309","targetHints":{"allow":["GET"]}}],"collection":[{"href":"https:\/\/ccisv.ro\/content\/wp-json\/wp\/v2\/posts"}],"about":[{"href":"https:\/\/ccisv.ro\/content\/wp-json\/wp\/v2\/types\/post"}],"author":[{"embeddable":true,"href":"https:\/\/ccisv.ro\/content\/wp-json\/wp\/v2\/users\/5"}],"replies":[{"embeddable":true,"href":"https:\/\/ccisv.ro\/content\/wp-json\/wp\/v2\/comments?post=51309"}],"version-history":[{"count":1,"href":"https:\/\/ccisv.ro\/content\/wp-json\/wp\/v2\/posts\/51309\/revisions"}],"predecessor-version":[{"id":51310,"href":"https:\/\/ccisv.ro\/content\/wp-json\/wp\/v2\/posts\/51309\/revisions\/51310"}],"wp:attachment":[{"href":"https:\/\/ccisv.ro\/content\/wp-json\/wp\/v2\/media?parent=51309"}],"wp:term":[{"taxonomy":"category","embeddable":true,"href":"https:\/\/ccisv.ro\/content\/wp-json\/wp\/v2\/categories?post=51309"},{"taxonomy":"post_tag","embeddable":true,"href":"https:\/\/ccisv.ro\/content\/wp-json\/wp\/v2\/tags?post=51309"}],"curies":[{"name":"wp","href":"https:\/\/api.w.org\/{rel}","templated":true}]}}