{"id":51246,"date":"2023-09-29T08:27:51","date_gmt":"2023-09-29T05:27:51","guid":{"rendered":"https:\/\/ccisv.ro\/content\/?p=51246"},"modified":"2023-09-29T08:27:51","modified_gmt":"2023-09-29T05:27:51","slug":"guvernul-a-adoptat-proiectul-de-masuri-fiscale-ce-modificari-au-aparut-in-ultima-varianta","status":"publish","type":"post","link":"https:\/\/ccisv.ro\/content\/guvernul-a-adoptat-proiectul-de-masuri-fiscale-ce-modificari-au-aparut-in-ultima-varianta\/","title":{"rendered":"Guvernul a adoptat proiectul de m\u0103suri fiscale. Ce modific\u0103ri au ap\u0103rut \u00een ultima variant\u0103"},"content":{"rendered":"<p>Guvernul a adoptat luni proiectul de lege cu noile m\u0103suri fiscale pe care \u00eel va trimite \u00een Parlament, potrivit <a href=\"https:\/\/www.hotnews.ro\/stiri-politic-26559651-ciolacu-grabeste-masurile-fiscale-ultimele-modificari-facute-guvern-calendarul-asumarii-parlament.htm\" target=\"_blank\" rel=\"noopener\">HotNews.ro<\/a>.<\/p>\n<p>Conform sursei citate, dup\u0103 ce actul normativ ajunge la Parlament, senatorii \u0219i deputa\u021bii pot depune amendamente. Dar nu mai t\u00e2rziu de ora 13.00 a zilei de mar\u021bi, c\u00e2nd este programat\u0103 o nou\u0103 \u0219edin\u021b\u0103 de Guvern pentru a se decide care amedamente vor fi preluate \u00een proiectul de lege pe care Guvernul \u00ee\u0219i va asuma r\u0103spunderea.<\/p>\n<p><a href=\"https:\/\/www.startupcafe.ro\/taxe\/proiect-masuri-fiscale-modificari-taxe-2023.htm\" target=\"_blank\" rel=\"noopener\">Cite\u015fte mai mult<\/a><\/p>\n","protected":false},"excerpt":{"rendered":"<p>Guvernul a adoptat luni proiectul de lege cu noile m\u0103suri fiscale pe care \u00eel va trimite \u00een Parlament, potrivit HotNews.ro. Conform sursei citate, dup\u0103 ce actul normativ ajunge la Parlament, senatorii \u0219i deputa\u021bii pot depune amendamente. Dar nu mai t\u00e2rziu de ora 13.00 a zilei de mar\u021bi, c\u00e2nd este programat\u0103 o nou\u0103 \u0219edin\u021b\u0103 de Guvern<\/p>\n","protected":false},"author":5,"featured_media":0,"comment_status":"closed","ping_status":"open","sticky":false,"template":"","format":"standard","meta":{"footnotes":""},"categories":[59],"tags":[],"class_list":["post-51246","post","type-post","status-publish","format-standard","hentry","category-info-legislativ"],"_links":{"self":[{"href":"https:\/\/ccisv.ro\/content\/wp-json\/wp\/v2\/posts\/51246","targetHints":{"allow":["GET"]}}],"collection":[{"href":"https:\/\/ccisv.ro\/content\/wp-json\/wp\/v2\/posts"}],"about":[{"href":"https:\/\/ccisv.ro\/content\/wp-json\/wp\/v2\/types\/post"}],"author":[{"embeddable":true,"href":"https:\/\/ccisv.ro\/content\/wp-json\/wp\/v2\/users\/5"}],"replies":[{"embeddable":true,"href":"https:\/\/ccisv.ro\/content\/wp-json\/wp\/v2\/comments?post=51246"}],"version-history":[{"count":1,"href":"https:\/\/ccisv.ro\/content\/wp-json\/wp\/v2\/posts\/51246\/revisions"}],"predecessor-version":[{"id":51247,"href":"https:\/\/ccisv.ro\/content\/wp-json\/wp\/v2\/posts\/51246\/revisions\/51247"}],"wp:attachment":[{"href":"https:\/\/ccisv.ro\/content\/wp-json\/wp\/v2\/media?parent=51246"}],"wp:term":[{"taxonomy":"category","embeddable":true,"href":"https:\/\/ccisv.ro\/content\/wp-json\/wp\/v2\/categories?post=51246"},{"taxonomy":"post_tag","embeddable":true,"href":"https:\/\/ccisv.ro\/content\/wp-json\/wp\/v2\/tags?post=51246"}],"curies":[{"name":"wp","href":"https:\/\/api.w.org\/{rel}","templated":true}]}}