{"id":51242,"date":"2023-09-29T08:26:26","date_gmt":"2023-09-29T05:26:26","guid":{"rendered":"https:\/\/ccisv.ro\/content\/?p=51242"},"modified":"2023-09-29T08:26:26","modified_gmt":"2023-09-29T05:26:26","slug":"modificari-la-ghidul-tine-pasul-din-cadrul-peo","status":"publish","type":"post","link":"https:\/\/ccisv.ro\/content\/modificari-la-ghidul-tine-pasul-din-cadrul-peo\/","title":{"rendered":"Modific\u0103ri la ghidul \u201e\u021aine pasul\u201d din cadrul PEO"},"content":{"rendered":"<div class=\"dynamic-content\">\n<p>Autoritatea de Management pentru Programul Educa\u021bie \u0219i Ocupare 2021-2027 din cadrul Ministerului Investi\u021biilor \u0219i Proiectelor Europene a publicat luni, 25 septembrie 2023, un corrigendum la Ghidul solicitantului condi\u021bii specifice \u201e<strong><em>\u021aine pasul<\/em><\/strong>\u201d aferent Programului Educa\u021bie \u0219i Ocupare 2021-2027, Prioritatea P09 \u2013 Consolidarea particip\u0103rii popula\u021biei \u00een procesul de \u00eenv\u0103\u021bare pe tot parcursul vie\u021bii pentru facilitarea tranzi\u021biilor \u0219i a mobilit\u0103\u021bii, Obiectivul specific: ESO4.7.: Promovarea \u00eenv\u0103\u021b\u0103rii pe tot parcursul vie\u021bii, \u00een special a oportunit\u0103\u021bilor flexibile de actualizare a competen\u021belor \u0219i de recalificare pentru to\u021bi, \u021bin\u00e2nd seama de competen\u021bele antreprenoriale \u0219i digitale, printr-o mai bun\u0103 anticipare a schimb\u0103rii \u0219i a cerin\u021belor de noi competen\u021be bazate pe nevoile pie\u021bei muncii, precum \u0219i prin facilitarea tranzi\u021biilor profesionale \u0219i promovarea mobilit\u0103\u021bii profesionale (FSE+).<\/p>\n<p><a href=\"https:\/\/www.fonduri-structurale.ro\/descarca-document\/65173\" target=\"_blank\" rel=\"noopener\"><strong><em><u>Descarc\u0103<\/u><\/em><\/strong><\/a> Corrigendum<\/p>\n<p>Sursa: MIPE<\/p>\n<\/div>\n","protected":false},"excerpt":{"rendered":"<p>Autoritatea de Management pentru Programul Educa\u021bie \u0219i Ocupare 2021-2027 din cadrul Ministerului Investi\u021biilor \u0219i Proiectelor Europene a publicat luni, 25 septembrie 2023, un corrigendum la Ghidul solicitantului condi\u021bii specifice \u201e\u021aine pasul\u201d aferent Programului Educa\u021bie \u0219i Ocupare 2021-2027, Prioritatea P09 \u2013 Consolidarea particip\u0103rii popula\u021biei \u00een procesul de \u00eenv\u0103\u021bare pe tot parcursul vie\u021bii pentru facilitarea tranzi\u021biilor \u0219i<\/p>\n","protected":false},"author":5,"featured_media":0,"comment_status":"closed","ping_status":"open","sticky":false,"template":"","format":"standard","meta":{"footnotes":""},"categories":[59],"tags":[],"class_list":["post-51242","post","type-post","status-publish","format-standard","hentry","category-info-legislativ"],"_links":{"self":[{"href":"https:\/\/ccisv.ro\/content\/wp-json\/wp\/v2\/posts\/51242","targetHints":{"allow":["GET"]}}],"collection":[{"href":"https:\/\/ccisv.ro\/content\/wp-json\/wp\/v2\/posts"}],"about":[{"href":"https:\/\/ccisv.ro\/content\/wp-json\/wp\/v2\/types\/post"}],"author":[{"embeddable":true,"href":"https:\/\/ccisv.ro\/content\/wp-json\/wp\/v2\/users\/5"}],"replies":[{"embeddable":true,"href":"https:\/\/ccisv.ro\/content\/wp-json\/wp\/v2\/comments?post=51242"}],"version-history":[{"count":1,"href":"https:\/\/ccisv.ro\/content\/wp-json\/wp\/v2\/posts\/51242\/revisions"}],"predecessor-version":[{"id":51243,"href":"https:\/\/ccisv.ro\/content\/wp-json\/wp\/v2\/posts\/51242\/revisions\/51243"}],"wp:attachment":[{"href":"https:\/\/ccisv.ro\/content\/wp-json\/wp\/v2\/media?parent=51242"}],"wp:term":[{"taxonomy":"category","embeddable":true,"href":"https:\/\/ccisv.ro\/content\/wp-json\/wp\/v2\/categories?post=51242"},{"taxonomy":"post_tag","embeddable":true,"href":"https:\/\/ccisv.ro\/content\/wp-json\/wp\/v2\/tags?post=51242"}],"curies":[{"name":"wp","href":"https:\/\/api.w.org\/{rel}","templated":true}]}}