{"id":51207,"date":"2023-09-22T09:52:17","date_gmt":"2023-09-22T06:52:17","guid":{"rendered":"https:\/\/ccisv.ro\/content\/?p=51207"},"modified":"2023-11-10T12:30:45","modified_gmt":"2023-11-10T09:30:45","slug":"forum-de-afaceri-bilateral-romania-republica-moldova","status":"publish","type":"post","link":"https:\/\/ccisv.ro\/content\/forum-de-afaceri-bilateral-romania-republica-moldova\/","title":{"rendered":"Forum de afaceri bilateral Rom\u00e2nia &#8211; Republica Moldova"},"content":{"rendered":"<p>Camera de Comer\u021b \u0219i Industrie Suceava al\u0103turi de Biroul de Promovare Comercial-Economic\u0103 al Ambasadei Rom\u00e2niei la Chi\u0219in\u0103u invit\u0103 companiile sucevene s\u0103 participe \u00een cadrul <strong>Forumului de Afaceri Bilateral<\/strong> organizat \u00een data 20 noiembrie 2023.<\/p>\n<p>Evenimentul are ca scop consolidarea \u0219i diversificarea exportului rom\u00e2nesc pe pia\u021ba Republicii Moldova \u0219i ofer\u0103 cadrul potrivit pentru cre\u0219terea vizibilit\u0103\u021bii firmelor, promovarea produselor \u0219i serviciilor acestora \u0219i prospectarea poten\u021bialului de afaceri.<br \/>\nTotodat\u0103, evenimentul va reuni reprezentan\u021bi ai institu\u021biilor publice \u0219i guvernamentale, reprezentan\u021bi ai Camerelor de Comer\u021b \u0219i Industrie, organiza\u021bii non-guvernamentale \u0219i reprezentan\u021bi ai mediului de afaceri din din cele dou\u0103 state.<\/p>\n<p>Organizatorii evenimentului sunt Ambasada Rom\u00e2niei la Chi\u0219in\u0103u \u00een parteneriat cu Asocia\u021bia Investitorilor din Rom\u00e2nia \u00een Republica Moldova.<\/p>\n<p>Companiile sucevene interesate s\u0103 participe \u00een cadrul evenimentului, sunt rugate s\u0103 confirme participarea prin email la adresa <a href=\"mailto:office@ccisuceava.ro\">office@ccisuceava.ro<\/a>, <strong>cel t\u00e2rziu p\u00e2n\u0103 la data de 10 octombrie 2023<\/strong>.<\/p>\n<p>Totodat\u0103, pentru informa\u021bii suplimentare, ne pute\u021bi contacta telefonic la 0230 521 506.<\/p>\n<h2><a href=\"https:\/\/ccisv.ro\/content\/wp-content\/uploads\/2023\/09\/FORUM-ECONOMIC-RO-RMD-20.11.2023-agenda.pdf\">Agenda evenimentului<\/a><\/h2>\n","protected":false},"excerpt":{"rendered":"<p>Camera de Comer\u021b \u0219i Industrie Suceava al\u0103turi de Biroul de Promovare Comercial-Economic\u0103 al Ambasadei Rom\u00e2niei la Chi\u0219in\u0103u invit\u0103 companiile sucevene s\u0103 participe \u00een cadrul Forumului de Afaceri Bilateral organizat \u00een data 20 noiembrie 2023. Evenimentul are ca scop consolidarea \u0219i diversificarea exportului rom\u00e2nesc pe pia\u021ba Republicii Moldova \u0219i ofer\u0103 cadrul potrivit pentru cre\u0219terea vizibilit\u0103\u021bii firmelor,<\/p>\n","protected":false},"author":5,"featured_media":0,"comment_status":"closed","ping_status":"open","sticky":false,"template":"","format":"standard","meta":{"footnotes":""},"categories":[60],"tags":[],"class_list":["post-51207","post","type-post","status-publish","format-standard","hentry","category-evenimente"],"_links":{"self":[{"href":"https:\/\/ccisv.ro\/content\/wp-json\/wp\/v2\/posts\/51207","targetHints":{"allow":["GET"]}}],"collection":[{"href":"https:\/\/ccisv.ro\/content\/wp-json\/wp\/v2\/posts"}],"about":[{"href":"https:\/\/ccisv.ro\/content\/wp-json\/wp\/v2\/types\/post"}],"author":[{"embeddable":true,"href":"https:\/\/ccisv.ro\/content\/wp-json\/wp\/v2\/users\/5"}],"replies":[{"embeddable":true,"href":"https:\/\/ccisv.ro\/content\/wp-json\/wp\/v2\/comments?post=51207"}],"version-history":[{"count":3,"href":"https:\/\/ccisv.ro\/content\/wp-json\/wp\/v2\/posts\/51207\/revisions"}],"predecessor-version":[{"id":51455,"href":"https:\/\/ccisv.ro\/content\/wp-json\/wp\/v2\/posts\/51207\/revisions\/51455"}],"wp:attachment":[{"href":"https:\/\/ccisv.ro\/content\/wp-json\/wp\/v2\/media?parent=51207"}],"wp:term":[{"taxonomy":"category","embeddable":true,"href":"https:\/\/ccisv.ro\/content\/wp-json\/wp\/v2\/categories?post=51207"},{"taxonomy":"post_tag","embeddable":true,"href":"https:\/\/ccisv.ro\/content\/wp-json\/wp\/v2\/tags?post=51207"}],"curies":[{"name":"wp","href":"https:\/\/api.w.org\/{rel}","templated":true}]}}