{"id":51177,"date":"2023-09-15T15:18:03","date_gmt":"2023-09-15T12:18:03","guid":{"rendered":"https:\/\/ccisv.ro\/content\/?p=51177"},"modified":"2023-09-15T15:18:03","modified_gmt":"2023-09-15T12:18:03","slug":"cea-de-a-vi-a-editie-a-parlamentului-european-al-intreprinderilor-epe-2023","status":"publish","type":"post","link":"https:\/\/ccisv.ro\/content\/cea-de-a-vi-a-editie-a-parlamentului-european-al-intreprinderilor-epe-2023\/","title":{"rendered":"Cea de-a VI-a edi\u0163ie a Parlamentului European al \u00centreprinderilor \u2013 EPE 2023"},"content":{"rendered":"<p>Camera de Comer\u021b \u0219i Industrie a Rom\u00e2niei are pl\u0103cerea de a v\u0103 invita la <strong>cea de-a VI-a edi\u0163ie a Parlamentului European al \u00centreprinderilor <\/strong>(EPE 2023), care va avea loc \u00een data de <strong>14 noiembrie 2023, \u00een hemiciclul Parlamentului European, la Bruxelles, Belgia.<\/strong><\/p>\n<p><a href=\"https:\/\/ccir.ro\/event\/cea-de-vi-editie-parlamentului-european-al-intreprinderilor-epe-2023\/\" target=\"_blank\" rel=\"noopener\">Cite\u015fte mai mult<\/a><\/p>\n","protected":false},"excerpt":{"rendered":"<p>Camera de Comer\u021b \u0219i Industrie a Rom\u00e2niei are pl\u0103cerea de a v\u0103 invita la cea de-a VI-a edi\u0163ie a Parlamentului European al \u00centreprinderilor (EPE 2023), care va avea loc \u00een data de 14 noiembrie 2023, \u00een hemiciclul Parlamentului European, la Bruxelles, Belgia. Cite\u015fte mai mult<\/p>\n","protected":false},"author":5,"featured_media":0,"comment_status":"closed","ping_status":"open","sticky":false,"template":"","format":"standard","meta":{"footnotes":""},"categories":[66],"tags":[],"class_list":["post-51177","post","type-post","status-publish","format-standard","hentry","category-info-afaceri"],"_links":{"self":[{"href":"https:\/\/ccisv.ro\/content\/wp-json\/wp\/v2\/posts\/51177","targetHints":{"allow":["GET"]}}],"collection":[{"href":"https:\/\/ccisv.ro\/content\/wp-json\/wp\/v2\/posts"}],"about":[{"href":"https:\/\/ccisv.ro\/content\/wp-json\/wp\/v2\/types\/post"}],"author":[{"embeddable":true,"href":"https:\/\/ccisv.ro\/content\/wp-json\/wp\/v2\/users\/5"}],"replies":[{"embeddable":true,"href":"https:\/\/ccisv.ro\/content\/wp-json\/wp\/v2\/comments?post=51177"}],"version-history":[{"count":1,"href":"https:\/\/ccisv.ro\/content\/wp-json\/wp\/v2\/posts\/51177\/revisions"}],"predecessor-version":[{"id":51178,"href":"https:\/\/ccisv.ro\/content\/wp-json\/wp\/v2\/posts\/51177\/revisions\/51178"}],"wp:attachment":[{"href":"https:\/\/ccisv.ro\/content\/wp-json\/wp\/v2\/media?parent=51177"}],"wp:term":[{"taxonomy":"category","embeddable":true,"href":"https:\/\/ccisv.ro\/content\/wp-json\/wp\/v2\/categories?post=51177"},{"taxonomy":"post_tag","embeddable":true,"href":"https:\/\/ccisv.ro\/content\/wp-json\/wp\/v2\/tags?post=51177"}],"curies":[{"name":"wp","href":"https:\/\/api.w.org\/{rel}","templated":true}]}}