{"id":51171,"date":"2023-09-15T15:15:02","date_gmt":"2023-09-15T12:15:02","guid":{"rendered":"https:\/\/ccisv.ro\/content\/?p=51171"},"modified":"2023-09-15T15:15:02","modified_gmt":"2023-09-15T12:15:02","slug":"salariul-minim-va-creste-la-3-300-lei-de-la-1-octombrie-2023-inclusiv-in-firmele-private-masura-agreata-de-coalitie","status":"publish","type":"post","link":"https:\/\/ccisv.ro\/content\/salariul-minim-va-creste-la-3-300-lei-de-la-1-octombrie-2023-inclusiv-in-firmele-private-masura-agreata-de-coalitie\/","title":{"rendered":"Salariul minim va cre\u0219te la 3.300 lei, de la 1 octombrie 2023, inclusiv \u00een firmele private -m\u0103sur\u0103 agreat\u0103 de coali\u021bie"},"content":{"rendered":"<p><a href=\"https:\/\/www.startupcafe.ro\/taxe\/salariul-minim-2023-cat-este-salariul-net-cat-plateste-firma-salariul-minim-constructii-agro\" target=\"_blank\" rel=\"noopener\">Salariul minim pe economie<\/a>, inclusiv \u00een firmele private, va cre\u0219te de la 3.000 de lei la 3.300 de lei brut, de la 1 octombrie 2023, potrivit unei decizii agreate de principiu de a politicienii din coali\u021bia de guvernare, a declarat, mar\u021bi, ministrul Finan\u021belor, Marcel Bolo\u0219.<\/p>\n<p><a href=\"https:\/\/www.startupcafe.ro\/taxe\/salariu-minim-creste-3300-lei-1-octombrie-2023-firme-private.htm\" target=\"_blank\" rel=\"noopener\">Cite\u015fte mai mult<\/a><\/p>\n","protected":false},"excerpt":{"rendered":"<p>Salariul minim pe economie, inclusiv \u00een firmele private, va cre\u0219te de la 3.000 de lei la 3.300 de lei brut, de la 1 octombrie 2023, potrivit unei decizii agreate de principiu de a politicienii din coali\u021bia de guvernare, a declarat, mar\u021bi, ministrul Finan\u021belor, Marcel Bolo\u0219. Cite\u015fte mai mult<\/p>\n","protected":false},"author":5,"featured_media":0,"comment_status":"closed","ping_status":"open","sticky":false,"template":"","format":"standard","meta":{"footnotes":""},"categories":[59],"tags":[],"class_list":["post-51171","post","type-post","status-publish","format-standard","hentry","category-info-legislativ"],"_links":{"self":[{"href":"https:\/\/ccisv.ro\/content\/wp-json\/wp\/v2\/posts\/51171","targetHints":{"allow":["GET"]}}],"collection":[{"href":"https:\/\/ccisv.ro\/content\/wp-json\/wp\/v2\/posts"}],"about":[{"href":"https:\/\/ccisv.ro\/content\/wp-json\/wp\/v2\/types\/post"}],"author":[{"embeddable":true,"href":"https:\/\/ccisv.ro\/content\/wp-json\/wp\/v2\/users\/5"}],"replies":[{"embeddable":true,"href":"https:\/\/ccisv.ro\/content\/wp-json\/wp\/v2\/comments?post=51171"}],"version-history":[{"count":1,"href":"https:\/\/ccisv.ro\/content\/wp-json\/wp\/v2\/posts\/51171\/revisions"}],"predecessor-version":[{"id":51172,"href":"https:\/\/ccisv.ro\/content\/wp-json\/wp\/v2\/posts\/51171\/revisions\/51172"}],"wp:attachment":[{"href":"https:\/\/ccisv.ro\/content\/wp-json\/wp\/v2\/media?parent=51171"}],"wp:term":[{"taxonomy":"category","embeddable":true,"href":"https:\/\/ccisv.ro\/content\/wp-json\/wp\/v2\/categories?post=51171"},{"taxonomy":"post_tag","embeddable":true,"href":"https:\/\/ccisv.ro\/content\/wp-json\/wp\/v2\/tags?post=51171"}],"curies":[{"name":"wp","href":"https:\/\/api.w.org\/{rel}","templated":true}]}}