{"id":48940,"date":"2023-06-15T21:03:54","date_gmt":"2023-06-15T18:03:54","guid":{"rendered":"https:\/\/ccisv.ro\/content\/?p=48940"},"modified":"2023-06-15T21:03:54","modified_gmt":"2023-06-15T18:03:54","slug":"se-desfiinteaza-ministerul-antreprenoriatului-si-turismului-startup-nation-si-celelalte-programe-de-finantare-imm-ramanand-la-nivel-de-agentie","status":"publish","type":"post","link":"https:\/\/ccisv.ro\/content\/se-desfiinteaza-ministerul-antreprenoriatului-si-turismului-startup-nation-si-celelalte-programe-de-finantare-imm-ramanand-la-nivel-de-agentie\/","title":{"rendered":"Se desfiin\u021beaz\u0103 Ministerul Antreprenoriatului \u0219i Turismului, Startup Nation \u0219i celelalte programe de finan\u021bare IMM r\u0103m\u00e2n\u00e2nd la nivel de agen\u021bie"},"content":{"rendered":"<p>Ministerul Antreprenoriatului \u0219i Turismului, care deruleaz\u0103 programele de finan\u021bare IMM Start-Up Nation, Femeia Antreprenor \u0219i alte scheme de sprijin pentru sectorul privat, nu se va mai reg\u0103si \u00een noul Guvern Ciolacu, a anun\u021bat \u0219eful PNL Suceava, organiza\u021bie din care face ministrul din guvernarea Ciuc\u0103, Daniel Cadariu.<\/p>\n<p><a href=\"https:\/\/www.startupcafe.ro\/finantari\/desfiintare-ministerul-antreprenoriatului-si-turismului-startup-nation-programe-finantare\" target=\"_blank\">Cite\u0219te mai mult<\/a><\/p>\n","protected":false},"excerpt":{"rendered":"<p>Ministerul Antreprenoriatului \u0219i Turismului, care deruleaz\u0103 programele de finan\u021bare IMM Start-Up Nation, Femeia Antreprenor \u0219i alte scheme de sprijin pentru sectorul privat, nu se va mai reg\u0103si \u00een noul Guvern Ciolacu, a anun\u021bat \u0219eful PNL Suceava, organiza\u021bie din care face ministrul din guvernarea Ciuc\u0103, Daniel Cadariu. Cite\u0219te mai mult<\/p>\n","protected":false},"author":5,"featured_media":0,"comment_status":"closed","ping_status":"open","sticky":false,"template":"","format":"standard","meta":{"footnotes":""},"categories":[59],"tags":[],"class_list":["post-48940","post","type-post","status-publish","format-standard","hentry","category-info-legislativ"],"_links":{"self":[{"href":"https:\/\/ccisv.ro\/content\/wp-json\/wp\/v2\/posts\/48940","targetHints":{"allow":["GET"]}}],"collection":[{"href":"https:\/\/ccisv.ro\/content\/wp-json\/wp\/v2\/posts"}],"about":[{"href":"https:\/\/ccisv.ro\/content\/wp-json\/wp\/v2\/types\/post"}],"author":[{"embeddable":true,"href":"https:\/\/ccisv.ro\/content\/wp-json\/wp\/v2\/users\/5"}],"replies":[{"embeddable":true,"href":"https:\/\/ccisv.ro\/content\/wp-json\/wp\/v2\/comments?post=48940"}],"version-history":[{"count":1,"href":"https:\/\/ccisv.ro\/content\/wp-json\/wp\/v2\/posts\/48940\/revisions"}],"predecessor-version":[{"id":48941,"href":"https:\/\/ccisv.ro\/content\/wp-json\/wp\/v2\/posts\/48940\/revisions\/48941"}],"wp:attachment":[{"href":"https:\/\/ccisv.ro\/content\/wp-json\/wp\/v2\/media?parent=48940"}],"wp:term":[{"taxonomy":"category","embeddable":true,"href":"https:\/\/ccisv.ro\/content\/wp-json\/wp\/v2\/categories?post=48940"},{"taxonomy":"post_tag","embeddable":true,"href":"https:\/\/ccisv.ro\/content\/wp-json\/wp\/v2\/tags?post=48940"}],"curies":[{"name":"wp","href":"https:\/\/api.w.org\/{rel}","templated":true}]}}