{"id":48727,"date":"2023-05-05T18:01:16","date_gmt":"2023-05-05T15:01:16","guid":{"rendered":"https:\/\/ccisv.ro\/content\/?p=48727"},"modified":"2023-06-28T11:49:06","modified_gmt":"2023-06-28T08:49:06","slug":"incepand-cu-19-mai-persoanele-fizice-se-pot-inscrie-in-cadrul-programului-casa-verde-fotovoltaice","status":"publish","type":"post","link":"https:\/\/ccisv.ro\/content\/incepand-cu-19-mai-persoanele-fizice-se-pot-inscrie-in-cadrul-programului-casa-verde-fotovoltaice\/","title":{"rendered":"\u00cencep\u00e2nd cu 19 mai, persoanele fizice se pot \u00eenscrie \u00een cadrul Programului Casa Verde Fotovoltaice"},"content":{"rendered":"<p>Administra\u021bia Fondului pentru Mediu a anun\u021bat miercuri, 3 mai 2023, faptul c\u0103 <strong>sesiunea de finan\u021bare pentru \u00eenscrierea solicitan\u021bilor persoane fizice<\/strong> \u00een cadrul <em>Programului privind instalarea sistemelor de panouri fotovoltaice pentru producerea de energie electric\u0103, \u00een vederea acoperirii necesarului de consum \u0219i livr\u0103rii surplusului \u00een re\u021beaua na\u021bional\u0103<\/em>, <strong>\u00eencepe pe 19 mai 2023, ora 10:00 \u0219i se termin\u0103 pe 26 iunie 2023, ora 23:59.<\/strong> De asemenea,<strong> unit\u0103\u021bile de cult<\/strong> se vor putea \u00eenscrie \u00een program \u00een perioada <strong>27 iunie 2023, ora 10:00 \u2013 29 iunie 2023, ora 23:59<\/strong>.<\/p>\n<p>\u201eAv\u00e2nd \u00een vedere importan\u021ba programului din punct de vedere al politicilor de protec\u021bie a mediului \u0219i interesul major manifestat de c\u0103tre cet\u0103\u021beni, Administra\u021bia Fondului pentru Mediu a depus toate eforturile pentru simplificarea accesului persoanelor fizice la Program, prin elaborarea unei noi aplica\u021bii informatice. Anul acesta, persoanele fizice se vor \u00eenscrie personal \u00een cadrul programului prin intermediul aplica\u021biei informatice, conform calendarului publicat pe site-ul institu\u021biei, fiind alocate c\u00e2te trei zile lucr\u0103toare pentru fiecare regiune, pentru a preveni un blocaj din cauza suprasolicit\u0103rii aplica\u021biei informatice. Ne dorim ca programul s\u0103 fie un real succes \u0219i s\u0103 putem sprijini aproximativ 87.500 de gospod\u0103rii \u00een efortul lor de a-\u0219i reduce costurile cu factura la energie, pe l\u00e2ng\u0103 cele 55.000 sisteme aprobate \u00een cele dou\u0103 sesiuni de finan\u021bare organizate p\u00e2n\u0103 acum.\u201d a declarat pre\u0219edintele AFM, Lauren\u021biu-Adrian Neculaescu.<\/p>\n<p>Pentru mai multe detalii pute\u021bi accesa rubrica noastr\u0103 <em><u><strong><a href=\"https:\/\/www.fonduri-structurale.ro\/alte-finantari\/768\/programul-casa-verde-fotovoltaice-2023-sesiunea-de-finantare-pentru-inscrierea-solicitantilor-persoane-fizice\" target=\"_blank\" rel=\"noopener\">alte finan\u021b\u0103ri<\/a><\/strong><\/u><\/em>.<\/p>\n<p>Sursa: fonduri-structurale.ro<\/p>\n","protected":false},"excerpt":{"rendered":"<p>Administra\u021bia Fondului pentru Mediu a anun\u021bat miercuri, 3 mai 2023, faptul c\u0103 sesiunea de finan\u021bare pentru \u00eenscrierea solicitan\u021bilor persoane fizice \u00een cadrul Programului privind instalarea sistemelor de panouri fotovoltaice pentru producerea de energie electric\u0103, \u00een vederea acoperirii necesarului de consum \u0219i livr\u0103rii surplusului \u00een re\u021beaua na\u021bional\u0103, \u00eencepe pe 19 mai 2023, ora 10:00 \u0219i se<\/p>\n","protected":false},"author":5,"featured_media":0,"comment_status":"closed","ping_status":"open","sticky":false,"template":"","format":"standard","meta":{"footnotes":""},"categories":[59],"tags":[],"class_list":["post-48727","post","type-post","status-publish","format-standard","hentry","category-info-legislativ"],"_links":{"self":[{"href":"https:\/\/ccisv.ro\/content\/wp-json\/wp\/v2\/posts\/48727","targetHints":{"allow":["GET"]}}],"collection":[{"href":"https:\/\/ccisv.ro\/content\/wp-json\/wp\/v2\/posts"}],"about":[{"href":"https:\/\/ccisv.ro\/content\/wp-json\/wp\/v2\/types\/post"}],"author":[{"embeddable":true,"href":"https:\/\/ccisv.ro\/content\/wp-json\/wp\/v2\/users\/5"}],"replies":[{"embeddable":true,"href":"https:\/\/ccisv.ro\/content\/wp-json\/wp\/v2\/comments?post=48727"}],"version-history":[{"count":2,"href":"https:\/\/ccisv.ro\/content\/wp-json\/wp\/v2\/posts\/48727\/revisions"}],"predecessor-version":[{"id":49219,"href":"https:\/\/ccisv.ro\/content\/wp-json\/wp\/v2\/posts\/48727\/revisions\/49219"}],"wp:attachment":[{"href":"https:\/\/ccisv.ro\/content\/wp-json\/wp\/v2\/media?parent=48727"}],"wp:term":[{"taxonomy":"category","embeddable":true,"href":"https:\/\/ccisv.ro\/content\/wp-json\/wp\/v2\/categories?post=48727"},{"taxonomy":"post_tag","embeddable":true,"href":"https:\/\/ccisv.ro\/content\/wp-json\/wp\/v2\/tags?post=48727"}],"curies":[{"name":"wp","href":"https:\/\/api.w.org\/{rel}","templated":true}]}}