{"id":48465,"date":"2023-03-09T19:13:04","date_gmt":"2023-03-09T16:13:04","guid":{"rendered":"http:\/\/ccisv.ro\/content\/?p=48465"},"modified":"2023-03-09T19:13:04","modified_gmt":"2023-03-09T16:13:04","slug":"noi-fonduri-ue-pentru-eficienta-energetica-a-imm-urilor-vor-fi-lansate-in-2023-mipe-2","status":"publish","type":"post","link":"https:\/\/ccisv.ro\/content\/noi-fonduri-ue-pentru-eficienta-energetica-a-imm-urilor-vor-fi-lansate-in-2023-mipe-2\/","title":{"rendered":"Noi fonduri UE pentru eficien\u021ba energetic\u0103 a IMM-urilor vor fi lansate \u00een 2023 (MIPE)"},"content":{"rendered":"<p>\u00cen a doua jum\u0103tate a anului 2023 vor fi lansate toate apelurile de proiecte<a href=\"https:\/\/mfe.gov.ro\/pdd-21-27\/\" target=\"_blank\" rel=\" noopener\"> Programul Dezvoltare Durabil\u0103 (PDD) 2021-2027<\/a>, printre care \u0219i o linie de finan\u021bare destinat\u0103 eficien\u021bei energetice a firmelor, a anun\u021bat, miercuri, Ministerul Investi\u021biilor \u0219i Proiectelor Europene, \u00eentr-un comunicat transmis StartupCafe.ro.<\/p>\n<p><a href=\"https:\/\/www.startupcafe.ro\/fonduri-europene\/noi-fonduri-europene-eficienta-energetica-imm-2023.htm\" target=\"_blank\">Cite\u0219te mai mult<\/a><\/p>\n","protected":false},"excerpt":{"rendered":"<p>\u00cen a doua jum\u0103tate a anului 2023 vor fi lansate toate apelurile de proiecte Programul Dezvoltare Durabil\u0103 (PDD) 2021-2027, printre care \u0219i o linie de finan\u021bare destinat\u0103 eficien\u021bei energetice a firmelor, a anun\u021bat, miercuri, Ministerul Investi\u021biilor \u0219i Proiectelor Europene, \u00eentr-un comunicat transmis StartupCafe.ro. Cite\u0219te mai mult<\/p>\n","protected":false},"author":5,"featured_media":0,"comment_status":"closed","ping_status":"open","sticky":false,"template":"","format":"standard","meta":{"footnotes":""},"categories":[59],"tags":[],"class_list":["post-48465","post","type-post","status-publish","format-standard","hentry","category-info-legislativ"],"_links":{"self":[{"href":"https:\/\/ccisv.ro\/content\/wp-json\/wp\/v2\/posts\/48465","targetHints":{"allow":["GET"]}}],"collection":[{"href":"https:\/\/ccisv.ro\/content\/wp-json\/wp\/v2\/posts"}],"about":[{"href":"https:\/\/ccisv.ro\/content\/wp-json\/wp\/v2\/types\/post"}],"author":[{"embeddable":true,"href":"https:\/\/ccisv.ro\/content\/wp-json\/wp\/v2\/users\/5"}],"replies":[{"embeddable":true,"href":"https:\/\/ccisv.ro\/content\/wp-json\/wp\/v2\/comments?post=48465"}],"version-history":[{"count":1,"href":"https:\/\/ccisv.ro\/content\/wp-json\/wp\/v2\/posts\/48465\/revisions"}],"predecessor-version":[{"id":48466,"href":"https:\/\/ccisv.ro\/content\/wp-json\/wp\/v2\/posts\/48465\/revisions\/48466"}],"wp:attachment":[{"href":"https:\/\/ccisv.ro\/content\/wp-json\/wp\/v2\/media?parent=48465"}],"wp:term":[{"taxonomy":"category","embeddable":true,"href":"https:\/\/ccisv.ro\/content\/wp-json\/wp\/v2\/categories?post=48465"},{"taxonomy":"post_tag","embeddable":true,"href":"https:\/\/ccisv.ro\/content\/wp-json\/wp\/v2\/tags?post=48465"}],"curies":[{"name":"wp","href":"https:\/\/api.w.org\/{rel}","templated":true}]}}