{"id":47215,"date":"2022-08-04T14:10:53","date_gmt":"2022-08-04T11:10:53","guid":{"rendered":"http:\/\/ccisv.ro\/content\/?p=47215"},"modified":"2022-08-04T14:10:53","modified_gmt":"2022-08-04T11:10:53","slug":"reprezentantii-patronilor-imm-s-au-intalnit-cu-ciuca-sa-se-revina-la-impozitul-pe-micro-pentru-firmele-de-consultanta","status":"publish","type":"post","link":"https:\/\/ccisv.ro\/content\/reprezentantii-patronilor-imm-s-au-intalnit-cu-ciuca-sa-se-revina-la-impozitul-pe-micro-pentru-firmele-de-consultanta\/","title":{"rendered":"Reprezentan\u021bii patronilor IMM s-au \u00eent\u00e2lnit cu Ciuc\u0103, s\u0103 se revin\u0103 la impozitul pe micro pentru firmele de consultan\u021b\u0103"},"content":{"rendered":"<p>Membrii board-ului Consiliului IMM s-au \u00eent\u00e2lnit vineri cu premierul Nicolae Ciuc\u0103 \u0219i au anun\u021bat c\u0103 \u00een urma discu\u021biilor \u201ea fost concluzionat\u0103\u201d \u0219i\u00a0 \u201eidentificarea codurilor CAEN \u00een baza c\u0103rora se efectueaz\u0103 activitatea de consultan\u021b\u0103 fiscal\u0103 \u0219i aplicarea aceleia\u0219i cotei de impozitare ca \u00een cazul micro\u00eentreprinderilor\u201d.<\/p>\n<p><a href=\"https:\/\/www.startupcafe.ro\/taxe\/patroni-imm-intalnire-ciuca-impozit-microintreprindere-firme-consultanta.htm\" target=\"_blank\">Cite\u015fte mai mult<\/a><\/p>\n","protected":false},"excerpt":{"rendered":"<p>Membrii board-ului Consiliului IMM s-au \u00eent\u00e2lnit vineri cu premierul Nicolae Ciuc\u0103 \u0219i au anun\u021bat c\u0103 \u00een urma discu\u021biilor \u201ea fost concluzionat\u0103\u201d \u0219i\u00a0 \u201eidentificarea codurilor CAEN \u00een baza c\u0103rora se efectueaz\u0103 activitatea de consultan\u021b\u0103 fiscal\u0103 \u0219i aplicarea aceleia\u0219i cotei de impozitare ca \u00een cazul micro\u00eentreprinderilor\u201d. Cite\u015fte mai mult<\/p>\n","protected":false},"author":5,"featured_media":0,"comment_status":"closed","ping_status":"open","sticky":false,"template":"","format":"standard","meta":{"footnotes":""},"categories":[59],"tags":[],"class_list":["post-47215","post","type-post","status-publish","format-standard","hentry","category-info-legislativ"],"_links":{"self":[{"href":"https:\/\/ccisv.ro\/content\/wp-json\/wp\/v2\/posts\/47215","targetHints":{"allow":["GET"]}}],"collection":[{"href":"https:\/\/ccisv.ro\/content\/wp-json\/wp\/v2\/posts"}],"about":[{"href":"https:\/\/ccisv.ro\/content\/wp-json\/wp\/v2\/types\/post"}],"author":[{"embeddable":true,"href":"https:\/\/ccisv.ro\/content\/wp-json\/wp\/v2\/users\/5"}],"replies":[{"embeddable":true,"href":"https:\/\/ccisv.ro\/content\/wp-json\/wp\/v2\/comments?post=47215"}],"version-history":[{"count":1,"href":"https:\/\/ccisv.ro\/content\/wp-json\/wp\/v2\/posts\/47215\/revisions"}],"predecessor-version":[{"id":47216,"href":"https:\/\/ccisv.ro\/content\/wp-json\/wp\/v2\/posts\/47215\/revisions\/47216"}],"wp:attachment":[{"href":"https:\/\/ccisv.ro\/content\/wp-json\/wp\/v2\/media?parent=47215"}],"wp:term":[{"taxonomy":"category","embeddable":true,"href":"https:\/\/ccisv.ro\/content\/wp-json\/wp\/v2\/categories?post=47215"},{"taxonomy":"post_tag","embeddable":true,"href":"https:\/\/ccisv.ro\/content\/wp-json\/wp\/v2\/tags?post=47215"}],"curies":[{"name":"wp","href":"https:\/\/api.w.org\/{rel}","templated":true}]}}