{"id":46994,"date":"2022-06-23T15:28:51","date_gmt":"2022-06-23T12:28:51","guid":{"rendered":"http:\/\/ccisv.ro\/content\/?p=46994"},"modified":"2023-06-28T11:49:18","modified_gmt":"2023-06-28T08:49:18","slug":"invitatie-de-participare-la-studiul-de-impact-privind-relatiile-de-afaceri-dintre-companiile-romanesti-si-cele-din-turcia","status":"publish","type":"post","link":"https:\/\/ccisv.ro\/content\/invitatie-de-participare-la-studiul-de-impact-privind-relatiile-de-afaceri-dintre-companiile-romanesti-si-cele-din-turcia\/","title":{"rendered":"Invita\u021bie de participare la studiul de impact privind rela\u021biile de afaceri dintre companiile rom\u00e2ne\u0219ti \u0219i cele din Turcia"},"content":{"rendered":"<p>Avem pl\u0103cerea de v\u0103 informa cu privire la implicarea Camerei de Comer\u021b \u0219i Industrie a Rom\u00e2niei, \u00een parteneriat cu Camerele de Comer\u021b \u0219i Industrie Jude\u021bene, \u00een realizarea studiului de impact privind rela\u021biile de afaceri \u00eentre companiile din Turcia \u0219i cele din statele membre ale Uniunii Europene (UE).<\/p>\n<p>Acest studiu este realizat de Asocia\u021bia Camerelor de Comer\u021b \u0219i Industrie Europene \u2013 Eurochambres, prin intermediului Dialogului de Afaceri Turcia \u2013 Uniunea European\u0103 (TEBD).<\/p>\n<p>Scopul final este de a oferi o evaluare cuprinz\u0103toare a rela\u021biilor economice \u0219i comerciale dintre UE \u0219i Turcia, iar rezultatele studiului de impact vor fi utilizate pentru realizarea raportului intitulat \u201eRela\u021biile dintre Uniunea European\u0103 \u0219i Turcia: perspective din cadrul comunit\u0103\u021bii de afaceri europene\u201d.<\/p>\n<div>\u00cen vederea sprijinirii acestor demersuri, v\u0103 adresez rug\u0103mintea de a completa chestionarul \u00een format electronic, p\u00e2n\u0103 la data de 15 iulie 2022.<\/div>\n<h2 style=\"text-align: center;\"><a title=\"Chestionar\" href=\"https:\/\/app.getresponse.com\/click.html?x=a62b&amp;lc=SmqUp9&amp;mc=I6&amp;s=oIWFHy&amp;u=B1R7N&amp;z=EyJwSjO&amp;\" data-auth=\"NotApplicable\">Chestionar<\/a><\/h2>\n<p>Rezultatele studiului vor fi publicate pe website-urile Eurochambres \u0219i CCIR.<\/p>\n<div>Av\u00e2nd speran\u021ba c\u0103 ve\u021bi r\u0103spunde pozitiv la solicitarea noastr\u0103, v\u0103 mul\u021bumesc anticipat pentru contribu\u021bia adus\u0103 la realizarea studiului.<\/div>\n<div><\/div>\n","protected":false},"excerpt":{"rendered":"<p>Avem pl\u0103cerea de v\u0103 informa cu privire la implicarea Camerei de Comer\u021b \u0219i Industrie a Rom\u00e2niei, \u00een parteneriat cu Camerele de Comer\u021b \u0219i Industrie Jude\u021bene, \u00een realizarea studiului de impact privind rela\u021biile de afaceri \u00eentre companiile din Turcia \u0219i cele din statele membre ale Uniunii Europene (UE). Acest studiu este realizat de Asocia\u021bia Camerelor de<\/p>\n","protected":false},"author":5,"featured_media":0,"comment_status":"closed","ping_status":"open","sticky":false,"template":"","format":"standard","meta":{"footnotes":""},"categories":[66],"tags":[],"class_list":["post-46994","post","type-post","status-publish","format-standard","hentry","category-info-afaceri"],"_links":{"self":[{"href":"https:\/\/ccisv.ro\/content\/wp-json\/wp\/v2\/posts\/46994","targetHints":{"allow":["GET"]}}],"collection":[{"href":"https:\/\/ccisv.ro\/content\/wp-json\/wp\/v2\/posts"}],"about":[{"href":"https:\/\/ccisv.ro\/content\/wp-json\/wp\/v2\/types\/post"}],"author":[{"embeddable":true,"href":"https:\/\/ccisv.ro\/content\/wp-json\/wp\/v2\/users\/5"}],"replies":[{"embeddable":true,"href":"https:\/\/ccisv.ro\/content\/wp-json\/wp\/v2\/comments?post=46994"}],"version-history":[{"count":1,"href":"https:\/\/ccisv.ro\/content\/wp-json\/wp\/v2\/posts\/46994\/revisions"}],"predecessor-version":[{"id":46995,"href":"https:\/\/ccisv.ro\/content\/wp-json\/wp\/v2\/posts\/46994\/revisions\/46995"}],"wp:attachment":[{"href":"https:\/\/ccisv.ro\/content\/wp-json\/wp\/v2\/media?parent=46994"}],"wp:term":[{"taxonomy":"category","embeddable":true,"href":"https:\/\/ccisv.ro\/content\/wp-json\/wp\/v2\/categories?post=46994"},{"taxonomy":"post_tag","embeddable":true,"href":"https:\/\/ccisv.ro\/content\/wp-json\/wp\/v2\/tags?post=46994"}],"curies":[{"name":"wp","href":"https:\/\/api.w.org\/{rel}","templated":true}]}}