{"id":46595,"date":"2022-05-19T14:00:51","date_gmt":"2022-05-19T12:00:51","guid":{"rendered":"http:\/\/ccisv.ro\/content\/?p=46595"},"modified":"2022-05-19T14:00:51","modified_gmt":"2022-05-19T12:00:51","slug":"presiune-la-granturile-imm-ue-nu-mai-prelungeste-cadrul-temporar-covid-19-in-baza-caruia-se-acorda-ajutoarele-de-stat","status":"publish","type":"post","link":"https:\/\/ccisv.ro\/content\/presiune-la-granturile-imm-ue-nu-mai-prelungeste-cadrul-temporar-covid-19-in-baza-caruia-se-acorda-ajutoarele-de-stat\/","title":{"rendered":"Presiune la granturile IMM: UE nu mai prelunge\u0219te cadrul temporar COVID-19, \u00een baza c\u0103ruia se acord\u0103 ajutoarele de stat"},"content":{"rendered":"<p>Autorit\u0103\u021bile rom\u00e2ne sunt nevoite s\u0103 se gr\u0103beasc\u0103 cu procedurile de acordare a granturilor COVID-19 pentru IMM, prin noile scheme de ajutoare de stat din 2022, pentru c\u0103 Uniunea European\u0103 nu mai prelunge\u0219te dincolo de 30 iunie cadrul temporar COVID, \u00een baza c\u0103ruia statele membre acord\u0103 finan\u021b\u0103ri firmelor pentru a dep\u0103\u0219i criza coronavirusului.<\/p>\n<p><a href=\"https:\/\/www.startupcafe.ro\/fonduri-europene\/presiune-granturi-imm-cadrul-temporar-covid-ajutoare-stat.htm\" target=\"_blank\">Cite\u015fte mai mult<\/a><\/p>\n","protected":false},"excerpt":{"rendered":"<p>Autorit\u0103\u021bile rom\u00e2ne sunt nevoite s\u0103 se gr\u0103beasc\u0103 cu procedurile de acordare a granturilor COVID-19 pentru IMM, prin noile scheme de ajutoare de stat din 2022, pentru c\u0103 Uniunea European\u0103 nu mai prelunge\u0219te dincolo de 30 iunie cadrul temporar COVID, \u00een baza c\u0103ruia statele membre acord\u0103 finan\u021b\u0103ri firmelor pentru a dep\u0103\u0219i criza coronavirusului. Cite\u015fte mai mult<\/p>\n","protected":false},"author":5,"featured_media":0,"comment_status":"closed","ping_status":"open","sticky":false,"template":"","format":"standard","meta":{"footnotes":""},"categories":[59],"tags":[],"class_list":["post-46595","post","type-post","status-publish","format-standard","hentry","category-info-legislativ"],"_links":{"self":[{"href":"https:\/\/ccisv.ro\/content\/wp-json\/wp\/v2\/posts\/46595","targetHints":{"allow":["GET"]}}],"collection":[{"href":"https:\/\/ccisv.ro\/content\/wp-json\/wp\/v2\/posts"}],"about":[{"href":"https:\/\/ccisv.ro\/content\/wp-json\/wp\/v2\/types\/post"}],"author":[{"embeddable":true,"href":"https:\/\/ccisv.ro\/content\/wp-json\/wp\/v2\/users\/5"}],"replies":[{"embeddable":true,"href":"https:\/\/ccisv.ro\/content\/wp-json\/wp\/v2\/comments?post=46595"}],"version-history":[{"count":1,"href":"https:\/\/ccisv.ro\/content\/wp-json\/wp\/v2\/posts\/46595\/revisions"}],"predecessor-version":[{"id":46596,"href":"https:\/\/ccisv.ro\/content\/wp-json\/wp\/v2\/posts\/46595\/revisions\/46596"}],"wp:attachment":[{"href":"https:\/\/ccisv.ro\/content\/wp-json\/wp\/v2\/media?parent=46595"}],"wp:term":[{"taxonomy":"category","embeddable":true,"href":"https:\/\/ccisv.ro\/content\/wp-json\/wp\/v2\/categories?post=46595"},{"taxonomy":"post_tag","embeddable":true,"href":"https:\/\/ccisv.ro\/content\/wp-json\/wp\/v2\/tags?post=46595"}],"curies":[{"name":"wp","href":"https:\/\/api.w.org\/{rel}","templated":true}]}}