{"id":45607,"date":"2021-10-21T13:45:48","date_gmt":"2021-10-21T11:45:48","guid":{"rendered":"http:\/\/ccisv.ro\/content\/?p=45607"},"modified":"2021-10-21T13:45:48","modified_gmt":"2021-10-21T11:45:48","slug":"5-proiecte-aprobate-pentru-finantare-in-valoare-de-aproximativ-6-milioane-de-euro-in-cadrul-apelului-drepturile-omului-implementare-la-nivel-national","status":"publish","type":"post","link":"https:\/\/ccisv.ro\/content\/5-proiecte-aprobate-pentru-finantare-in-valoare-de-aproximativ-6-milioane-de-euro-in-cadrul-apelului-drepturile-omului-implementare-la-nivel-national\/","title":{"rendered":"5 proiecte aprobate pentru finan\u021bare, \u00een valoare de aproximativ 6 milioane de euro, \u00een cadrul apelului \u201eDrepturile omului \u2013 implementare la nivel na\u021bional\u201d"},"content":{"rendered":"<div class=\"dynamic-content\">\n<p>Fondul Rom\u00e2n pentru Dezvoltare Social\u0103 a publicat s\u0103pt\u0103m\u00e2na trecut\u0103 lista proiectelor aprobate \u00een cadrul apelului <strong>Drepturile omului \u2013 implementare la nivel na\u021bional<\/strong>.<\/p>\n<p>Prin intermediul acestui apel, Programul Dezvoltare local\u0103 \u0219i-a propus s\u0103 finan\u021beze ini\u021biative menite s\u0103 sprijine demersurile de implementare a deciziilor Cur\u021bii Europene a Drepturilor Omului (CEDO) sau a recomand\u0103rilor de \u021bar\u0103 \u00een domeniul ap\u0103r\u0103rii drepturilor omului, emise de alte organisme ale Consiliului Europei.<\/p>\n<p><strong>Patru organiza\u021bii neguvernamentale<\/strong> sunt c\u00e2\u0219tig\u0103torii acestei runde de finan\u021bare, la care au fost depuse, \u00een total, 18 proiecte.<\/p>\n<p><a href=\"https:\/\/www.fonduri-structurale.ro\/descarca-document\/33621\" target=\"_blank\"><strong><em><u>Descarc\u0103<\/u><\/em><\/strong><\/a> lista<\/p>\n<p>Granturile alocate celor 5 proiecte variaz\u0103 \u00eentre <strong>700.000 \u0219i 1.800.000 de euro<\/strong>. Proiectele vizeaz\u0103, din punct de vedere al obiectivelor propuse, combaterea violen\u021bei domestice \u0219i de gen, respectarea \u0219i protejarea drepturilor grupurilor vulnerabile la discriminarea pe criterii sexuale \u0219i de identitate de gen, protejarea drepturilor copiilor (prin \u00eembun\u0103t\u0103\u021birea rela\u021biei acestora cu autorit\u0103\u021bile publice \u00een timpul investiga\u021biilor judiciare), promovarea \u0219i protejarea drepturilor persoanelor cu dizabilit\u0103\u021bi (grupuri vulnerabile \u00een rela\u021bia cu sistemul de justi\u021bie), respectiv promovarea \u0219i respectarea drepturilor de\u021binu\u021bilor \u0219i cre\u0219terea capacit\u0103\u021bii autorit\u0103\u021bilor rom\u00e2ne de a pune \u00een aplicare politica european\u0103 \u00een domeniul garant\u0103rii drepturilor omului, \u00een privin\u021ba persoanelor private de libertate.<\/p>\n<p>Pentru a produce schimb\u0103rile a\u0219teptate, proiectele se adreseaz\u0103 unei palete largi de profesioni\u0219ti, de la magistra\u021bi \u0219i avoca\u021bi, la profesioni\u0219ti din alte institu\u021bii publice (\u0219i nu numai) care lucreaz\u0103 cu grupuri vulnerabile, angaja\u021bi ai institu\u021biilor de ordine public\u0103, jurnali\u0219ti, speciali\u0219ti \u00een domeniul ap\u0103r\u0103rii drepturilor persoanelor cu dizabilit\u0103\u021bi, cadre didactice, elevi \u0219i studen\u021bi, dar \u0219i publicului larg, se arat\u0103 \u00een comunicat.<\/p>\n<p>Sursa: FRDS<\/p>\n<\/div>\n","protected":false},"excerpt":{"rendered":"<p>Fondul Rom\u00e2n pentru Dezvoltare Social\u0103 a publicat s\u0103pt\u0103m\u00e2na trecut\u0103 lista proiectelor aprobate \u00een cadrul apelului Drepturile omului \u2013 implementare la nivel na\u021bional. Prin intermediul acestui apel, Programul Dezvoltare local\u0103 \u0219i-a propus s\u0103 finan\u021beze ini\u021biative menite s\u0103 sprijine demersurile de implementare a deciziilor Cur\u021bii Europene a Drepturilor Omului (CEDO) sau a recomand\u0103rilor de \u021bar\u0103 \u00een domeniul<\/p>\n","protected":false},"author":5,"featured_media":0,"comment_status":"closed","ping_status":"open","sticky":false,"template":"","format":"standard","meta":{"footnotes":""},"categories":[59],"tags":[],"class_list":["post-45607","post","type-post","status-publish","format-standard","hentry","category-info-legislativ"],"_links":{"self":[{"href":"https:\/\/ccisv.ro\/content\/wp-json\/wp\/v2\/posts\/45607","targetHints":{"allow":["GET"]}}],"collection":[{"href":"https:\/\/ccisv.ro\/content\/wp-json\/wp\/v2\/posts"}],"about":[{"href":"https:\/\/ccisv.ro\/content\/wp-json\/wp\/v2\/types\/post"}],"author":[{"embeddable":true,"href":"https:\/\/ccisv.ro\/content\/wp-json\/wp\/v2\/users\/5"}],"replies":[{"embeddable":true,"href":"https:\/\/ccisv.ro\/content\/wp-json\/wp\/v2\/comments?post=45607"}],"version-history":[{"count":1,"href":"https:\/\/ccisv.ro\/content\/wp-json\/wp\/v2\/posts\/45607\/revisions"}],"predecessor-version":[{"id":45608,"href":"https:\/\/ccisv.ro\/content\/wp-json\/wp\/v2\/posts\/45607\/revisions\/45608"}],"wp:attachment":[{"href":"https:\/\/ccisv.ro\/content\/wp-json\/wp\/v2\/media?parent=45607"}],"wp:term":[{"taxonomy":"category","embeddable":true,"href":"https:\/\/ccisv.ro\/content\/wp-json\/wp\/v2\/categories?post=45607"},{"taxonomy":"post_tag","embeddable":true,"href":"https:\/\/ccisv.ro\/content\/wp-json\/wp\/v2\/tags?post=45607"}],"curies":[{"name":"wp","href":"https:\/\/api.w.org\/{rel}","templated":true}]}}