{"id":45469,"date":"2021-09-16T13:43:50","date_gmt":"2021-09-16T11:43:50","guid":{"rendered":"http:\/\/ccisv.ro\/content\/?p=45469"},"modified":"2023-06-28T11:49:31","modified_gmt":"2023-06-28T08:49:31","slug":"conceptul-noului-bauhaus-european-accelerarea-transformarii-diferitelor-sectoare-economice-si-noi-posibilitati-de-finantare","status":"publish","type":"post","link":"https:\/\/ccisv.ro\/content\/conceptul-noului-bauhaus-european-accelerarea-transformarii-diferitelor-sectoare-economice-si-noi-posibilitati-de-finantare\/","title":{"rendered":"Conceptul noului Bauhaus european: Accelerarea transform\u0103rii diferitelor sectoare economice \u0219i noi posibilit\u0103\u021bi de finan\u021bare"},"content":{"rendered":"<div class=\"dynamic-content\">\n<p>Ieri, 15 septembrie 2021, Comisia European\u0103 a adoptat o comunicare care stabile\u0219te conceptul de nou Bauhaus european.<\/p>\n<p>Aceasta include o serie de ac\u021biuni de politic\u0103 \u0219i posibilit\u0103\u021bi de finan\u021bare. Proiectul vizeaz\u0103 accelerarea transform\u0103rii diferitelor sectoare economice, cum ar fi construc\u021biile \u0219i industria textil\u0103, pentru a oferi tuturor cet\u0103\u021benilor acces la bunuri circulare \u0219i cu emisii de carbon mai sc\u0103zute.<\/p>\n<p>Noul Bauhaus european aduce o dimensiune cultural\u0103 \u0219i creativ\u0103 Pactului verde european, cu scopul de a demonstra modul \u00een care inovarea durabil\u0103 ofer\u0103 experien\u021be concrete \u0219i pozitive \u00een via\u021ba noastr\u0103 de zi cu zi.<\/p>\n<p>\u00cen ceea ce prive\u0219te finan\u021barea, \u00een perioada 2021-2022 vor fi alocate aproximativ 85 de milioane EUR proiectelor legate de noul Bauhaus european din cadrul programelor UE. Multe alte programe ale UE vor integra noul Bauhaus european ca element de context sau ca prioritate, f\u0103r\u0103 un buget specific predefinit.<\/p>\n<p>Finan\u021barea va proveni din diferite programe ale UE, inclusiv programul\u00a0<a href=\"https:\/\/ec.europa.eu\/info\/research-and-innovation\/funding\/funding-opportunities\/funding-programmes-and-open-calls\/horizon-europe_ro\">Orizont Europa<\/a>\u00a0pentru cercetare \u0219i inovare (\u00een special misiunile Orizont Europa),\u00a0<a href=\"https:\/\/ec.europa.eu\/growth\/sectors\/tourism\/funding-guide\/life-programme_ro\">programul LIFE<\/a> pentru mediu \u0219i politici climatice \u0219i\u00a0<a href=\"https:\/\/ec.europa.eu\/regional_policy\/en\/funding\/erdf\/\">Fondul european de dezvoltare regional\u0103<\/a>. Mai mult, Comisia va invita statele membre s\u0103 utilizeze valorile fundamentale ale noului Bauhaus european \u00een strategiile lor de dezvoltare teritorial\u0103 \u0219i socioeconomic\u0103 \u0219i s\u0103 mobilizeze p\u0103r\u021bile relevante ale planurilor lor de redresare \u0219i rezilien\u021b\u0103, precum \u0219i programele din cadrul politicii de coeziune pentru a construi un viitor mai bun pentru to\u021bi.<\/p>\n<p>Comisia va institui un\u00a0<strong>laborator al noului Bauhaus european<\/strong>: un \u201egrup de reflec\u021bie \u0219i de lucru\u201d menit s\u0103 co-creeze, s\u0103 realizeze prototipuri \u0219i s\u0103 testeze noi instrumente, solu\u021bii \u0219i recomand\u0103ri de politic\u0103. Laboratorul va continua spiritul de colaborare al mi\u0219c\u0103rii, care reune\u0219te diferite categorii sociale \u0219i se adreseaz\u0103 societ\u0103\u021bii, industriei \u0219i politicii pentru a conecta oamenii \u0219i a g\u0103si noi modalit\u0103\u021bi de a crea \u00eempreun\u0103.<\/p>\n<p>Comunicarea se inspir\u0103 din contribu\u021biile primite \u00een timpul fazei de co-proiectare, care s-a desf\u0103\u0219urat \u00een perioada ianuarie-iulie, \u00een cadrul c\u0103reia Comisia a primit peste 2\u00a0000 de contribu\u021bii din \u00eentreaga Europ\u0103 \u0219i din afara acesteia.<\/p>\n<p><strong>Promovarea unei mi\u0219c\u0103ri \u00een cre\u0219tere<\/strong><\/p>\n<p>\u00cen ianuarie 2021, a fost lansat\u0103 faza de co-proiectare a noului Bauhaus european pentru a identifica \u0219i a reflecta asupra solu\u021biilor estetice, durabile \u0219i favorabile incluziunii pentru spa\u021biile noastre de locuit \u0219i pentru a contribui la realizarea Pactului verde european. \u00cen prima etap\u0103 de elaborare, to\u021bi participan\u021bii au fost invita\u021bi s\u0103 se al\u0103ture unei conversa\u021bii pentru a reg\u00e2ndi modul \u00een care convie\u021buim. Aceste schimburi au fost integrate \u00een comunicarea privind noul Bauhaus european, adoptat\u0103 ieri.<\/p>\n<p>Co-crearea va r\u0103m\u00e2ne esen\u021bial\u0103 \u0219i va evolua \u00een lumina primelor rezultate concrete, prin evalu\u0103ri \u0219i revizuiri. Prin urmare, Comisia va aprofunda \u00een continuare colaborarea cu comunitatea \u00een cre\u0219tere a noului Bauhaus european format\u0103 din persoanele, organiza\u021biile \u0219i autorit\u0103\u021bile implicate.<\/p>\n<p>Mi\u0219carea se inspir\u0103, de asemenea, din locuri \u0219i proiecte europene frumoase, durabile \u0219i favorabile incluziunii. Primele premii legate de noul Bauhaus european s\u0103rb\u0103toresc aceste realiz\u0103ri, acord\u00e2nd premii pentru zece categorii, de la \u201eproduse \u0219i stil de via\u021b\u0103\u201d, la \u201elocuri reinventate pentru a ne \u00eent\u00e2lni \u0219i a \u00eemp\u0103rt\u0103\u0219i experien\u021be\u201d. Componenta \u201eStaruri \u00een devenire ale noului Bauhaus european\u201d, deschis\u0103 exclusiv persoanelor cu v\u00e2rsta sub 30 de ani, sprijin\u0103 \u0219i \u00eencurajeaz\u0103 t\u00e2n\u0103ra genera\u021bie s\u0103 dezvolte \u00een continuare idei noi \u0219i concepte interesante. C\u00e2\u0219tig\u0103torii vor primi premiile \u00een cadrul unei ceremonii de decernare a premiilor, care va avea loc ast\u0103zi, 16 septembrie 2021.<\/p>\n<p>Sursa: Comisia European\u0103<\/p>\n<\/div>\n","protected":false},"excerpt":{"rendered":"<p>Ieri, 15 septembrie 2021, Comisia European\u0103 a adoptat o comunicare care stabile\u0219te conceptul de nou Bauhaus european. Aceasta include o serie de ac\u021biuni de politic\u0103 \u0219i posibilit\u0103\u021bi de finan\u021bare. Proiectul vizeaz\u0103 accelerarea transform\u0103rii diferitelor sectoare economice, cum ar fi construc\u021biile \u0219i industria textil\u0103, pentru a oferi tuturor cet\u0103\u021benilor acces la bunuri circulare \u0219i cu emisii<\/p>\n","protected":false},"author":5,"featured_media":0,"comment_status":"closed","ping_status":"open","sticky":false,"template":"","format":"standard","meta":{"footnotes":""},"categories":[59],"tags":[],"class_list":["post-45469","post","type-post","status-publish","format-standard","hentry","category-info-legislativ"],"_links":{"self":[{"href":"https:\/\/ccisv.ro\/content\/wp-json\/wp\/v2\/posts\/45469","targetHints":{"allow":["GET"]}}],"collection":[{"href":"https:\/\/ccisv.ro\/content\/wp-json\/wp\/v2\/posts"}],"about":[{"href":"https:\/\/ccisv.ro\/content\/wp-json\/wp\/v2\/types\/post"}],"author":[{"embeddable":true,"href":"https:\/\/ccisv.ro\/content\/wp-json\/wp\/v2\/users\/5"}],"replies":[{"embeddable":true,"href":"https:\/\/ccisv.ro\/content\/wp-json\/wp\/v2\/comments?post=45469"}],"version-history":[{"count":1,"href":"https:\/\/ccisv.ro\/content\/wp-json\/wp\/v2\/posts\/45469\/revisions"}],"predecessor-version":[{"id":45470,"href":"https:\/\/ccisv.ro\/content\/wp-json\/wp\/v2\/posts\/45469\/revisions\/45470"}],"wp:attachment":[{"href":"https:\/\/ccisv.ro\/content\/wp-json\/wp\/v2\/media?parent=45469"}],"wp:term":[{"taxonomy":"category","embeddable":true,"href":"https:\/\/ccisv.ro\/content\/wp-json\/wp\/v2\/categories?post=45469"},{"taxonomy":"post_tag","embeddable":true,"href":"https:\/\/ccisv.ro\/content\/wp-json\/wp\/v2\/tags?post=45469"}],"curies":[{"name":"wp","href":"https:\/\/api.w.org\/{rel}","templated":true}]}}