{"id":45277,"date":"2021-07-08T13:27:55","date_gmt":"2021-07-08T11:27:55","guid":{"rendered":"http:\/\/ccisv.ro\/content\/?p=45277"},"modified":"2021-07-08T13:27:55","modified_gmt":"2021-07-08T11:27:55","slug":"ordinul-pentru-mutarea-banilor-de-la-masura-3-investitii-la-masura-2-capital-de-lucru-publicat-in-monitorul-oficial-care-sunt-pasii-urmatori","status":"publish","type":"post","link":"https:\/\/ccisv.ro\/content\/ordinul-pentru-mutarea-banilor-de-la-masura-3-investitii-la-masura-2-capital-de-lucru-publicat-in-monitorul-oficial-care-sunt-pasii-urmatori\/","title":{"rendered":"Ordinul pentru mutarea banilor de la m\u0103sura 3 (investi\u021bii) la m\u0103sura 2 (capital de lucru), publicat \u00een Monitorul Oficial! Care sunt pa\u0219ii urm\u0103tori"},"content":{"rendered":"<div class=\"dynamic-content\">\n<p>Ordinul semnat de Ministrul Investi\u021biilor \u0219i Proiectelor Europene, prin care a fost aprobat\u0103 alocarea de fonduri suplimentare pentru M\u0103sura 2 dedicat\u0103 sprijinirii IMM-urilor afectate de criza COVID-19, a fost publicat \u00een <a href=\"https:\/\/www.fonduri-structurale.ro\/descarca-document\/32990\" target=\"_blank\"><strong><em><u>Monitorul Oficial nr. 654 din 1 iulie 2021<\/u><\/em><\/strong><\/a>, pag 6-16.<\/p>\n<p>Astfel, <strong>cele 241 de milioane de euro, aferente M\u0103surii 3 care a fost anulat\u0103, vor fi utilizate pentru plata contractelor<\/strong> aferente proiectelor depuse de companii la Ministerul Economiei, Antreprenoriatului \u0219i Turismului.<\/p>\n<p><strong>Pa\u0219ii urm\u0103tori<\/strong> vor fi semnarea actului adi\u021bional la contractul de finan\u021bare \u00eentre MIPE \u0219i MEAT dup\u0103 care vor putea fi efectuate pl\u0103\u021bile c\u0103tre antreprenori. <strong>MIPE estimeaz\u0103 c\u0103 \u00eentreaga procedur\u0103 va fi finalizat\u0103 \u00een cursul s\u0103pt\u0103m\u00e2nii urm\u0103toare<\/strong>, conform comunicatului oficial.<\/p>\n<p><strong>Context<\/strong><\/p>\n<p>Comisia European\u0103 a fost de acord cu alocarea temporar\u0103 c\u0103tre M\u0103sura 2 a fondurilor aferente M\u0103surii 3, p\u00e2n\u0103 la reluarea acesteia cu fonduri din React EU, iar Guvernul a aprobat la sf\u00e2r\u0219itul lunii iunie o Ordonan\u021b\u0103 de Urgen\u021b\u0103 \u00een acest sens.<\/p>\n<p>Sursa: MIPE<\/p>\n<\/div>\n","protected":false},"excerpt":{"rendered":"<p>Ordinul semnat de Ministrul Investi\u021biilor \u0219i Proiectelor Europene, prin care a fost aprobat\u0103 alocarea de fonduri suplimentare pentru M\u0103sura 2 dedicat\u0103 sprijinirii IMM-urilor afectate de criza COVID-19, a fost publicat \u00een Monitorul Oficial nr. 654 din 1 iulie 2021, pag 6-16. Astfel, cele 241 de milioane de euro, aferente M\u0103surii 3 care a fost anulat\u0103,<\/p>\n","protected":false},"author":5,"featured_media":0,"comment_status":"closed","ping_status":"open","sticky":false,"template":"","format":"standard","meta":{"footnotes":""},"categories":[59],"tags":[],"class_list":["post-45277","post","type-post","status-publish","format-standard","hentry","category-info-legislativ"],"_links":{"self":[{"href":"https:\/\/ccisv.ro\/content\/wp-json\/wp\/v2\/posts\/45277","targetHints":{"allow":["GET"]}}],"collection":[{"href":"https:\/\/ccisv.ro\/content\/wp-json\/wp\/v2\/posts"}],"about":[{"href":"https:\/\/ccisv.ro\/content\/wp-json\/wp\/v2\/types\/post"}],"author":[{"embeddable":true,"href":"https:\/\/ccisv.ro\/content\/wp-json\/wp\/v2\/users\/5"}],"replies":[{"embeddable":true,"href":"https:\/\/ccisv.ro\/content\/wp-json\/wp\/v2\/comments?post=45277"}],"version-history":[{"count":1,"href":"https:\/\/ccisv.ro\/content\/wp-json\/wp\/v2\/posts\/45277\/revisions"}],"predecessor-version":[{"id":45278,"href":"https:\/\/ccisv.ro\/content\/wp-json\/wp\/v2\/posts\/45277\/revisions\/45278"}],"wp:attachment":[{"href":"https:\/\/ccisv.ro\/content\/wp-json\/wp\/v2\/media?parent=45277"}],"wp:term":[{"taxonomy":"category","embeddable":true,"href":"https:\/\/ccisv.ro\/content\/wp-json\/wp\/v2\/categories?post=45277"},{"taxonomy":"post_tag","embeddable":true,"href":"https:\/\/ccisv.ro\/content\/wp-json\/wp\/v2\/tags?post=45277"}],"curies":[{"name":"wp","href":"https:\/\/api.w.org\/{rel}","templated":true}]}}