{"id":43747,"date":"2020-08-27T14:25:39","date_gmt":"2020-08-27T12:25:39","guid":{"rendered":"http:\/\/ccisv.ro\/content\/?p=43747"},"modified":"2020-08-27T14:25:39","modified_gmt":"2020-08-27T12:25:39","slug":"cinci-masuri-pe-care-le-pot-lua-in-calcul-angajatorii-in-perioada-asta-pentru-a-reduce-costurile-salariale","status":"publish","type":"post","link":"https:\/\/ccisv.ro\/content\/cinci-masuri-pe-care-le-pot-lua-in-calcul-angajatorii-in-perioada-asta-pentru-a-reduce-costurile-salariale\/","title":{"rendered":"Cinci m\u0103suri pe care le pot lua \u00een calcul angajatorii, \u00een perioada asta, pentru a reduce costurile salariale"},"content":{"rendered":"<p>Companiile care se confrunt\u0103 cu o situa\u021bie financiar\u0103 mai dificil\u0103 din cauza crizei provocate de epidemia de coronavirus au c\u00e2teva m\u0103suri mari la dispozi\u021bie pentru a-\u0219i reduce costurile directe \u0219i indirecte cu salaria\u021bii. De la optimizarea programului de lucru \u0219i p\u00e2n\u0103 la concedieri, m\u0103surile inventariate mai jos pot fi aplicate \u00een func\u021bie de situa\u021bia specific\u0103 \u00een care se afl\u0103 o firm\u0103.<\/p>\n<p><a href=\"https:\/\/www.avocatnet.ro\/articol_55657\/Cinci-m%C4%83suri-pe-care-le-pot-lua-in-calcul-angajatorii-in-perioada-asta-pentru-a-reduce-costurile-salariale.html\" target=\"_blank\">Cite\u015fte mai mult<\/a><\/p>\n","protected":false},"excerpt":{"rendered":"<p>Companiile care se confrunt\u0103 cu o situa\u021bie financiar\u0103 mai dificil\u0103 din cauza crizei provocate de epidemia de coronavirus au c\u00e2teva m\u0103suri mari la dispozi\u021bie pentru a-\u0219i reduce costurile directe \u0219i indirecte cu salaria\u021bii. De la optimizarea programului de lucru \u0219i p\u00e2n\u0103 la concedieri, m\u0103surile inventariate mai jos pot fi aplicate \u00een func\u021bie de situa\u021bia specific\u0103<\/p>\n","protected":false},"author":5,"featured_media":0,"comment_status":"closed","ping_status":"open","sticky":false,"template":"","format":"standard","meta":{"footnotes":""},"categories":[59],"tags":[],"class_list":["post-43747","post","type-post","status-publish","format-standard","hentry","category-info-legislativ"],"_links":{"self":[{"href":"https:\/\/ccisv.ro\/content\/wp-json\/wp\/v2\/posts\/43747","targetHints":{"allow":["GET"]}}],"collection":[{"href":"https:\/\/ccisv.ro\/content\/wp-json\/wp\/v2\/posts"}],"about":[{"href":"https:\/\/ccisv.ro\/content\/wp-json\/wp\/v2\/types\/post"}],"author":[{"embeddable":true,"href":"https:\/\/ccisv.ro\/content\/wp-json\/wp\/v2\/users\/5"}],"replies":[{"embeddable":true,"href":"https:\/\/ccisv.ro\/content\/wp-json\/wp\/v2\/comments?post=43747"}],"version-history":[{"count":1,"href":"https:\/\/ccisv.ro\/content\/wp-json\/wp\/v2\/posts\/43747\/revisions"}],"predecessor-version":[{"id":43748,"href":"https:\/\/ccisv.ro\/content\/wp-json\/wp\/v2\/posts\/43747\/revisions\/43748"}],"wp:attachment":[{"href":"https:\/\/ccisv.ro\/content\/wp-json\/wp\/v2\/media?parent=43747"}],"wp:term":[{"taxonomy":"category","embeddable":true,"href":"https:\/\/ccisv.ro\/content\/wp-json\/wp\/v2\/categories?post=43747"},{"taxonomy":"post_tag","embeddable":true,"href":"https:\/\/ccisv.ro\/content\/wp-json\/wp\/v2\/tags?post=43747"}],"curies":[{"name":"wp","href":"https:\/\/api.w.org\/{rel}","templated":true}]}}