{"id":42866,"date":"2020-02-06T14:38:17","date_gmt":"2020-02-06T12:38:17","guid":{"rendered":"http:\/\/ccisv.ro\/content\/?p=42866"},"modified":"2023-06-28T11:49:55","modified_gmt":"2023-06-28T08:49:55","slug":"cum-vrei-sa-arate-regiunea-nord-est-in-2030-vino-sa-conturam-impreuna-directiile-de-dezvoltare-ale-regiunii","status":"publish","type":"post","link":"https:\/\/ccisv.ro\/content\/cum-vrei-sa-arate-regiunea-nord-est-in-2030-vino-sa-conturam-impreuna-directiile-de-dezvoltare-ale-regiunii\/","title":{"rendered":"Cum vrei s\u0103 arate Regiunea Nord-Est \u00een 2030? Vino s\u0103 contur\u0103m \u00eempreun\u0103 direc\u021biile de dezvoltare ale Regiunii!"},"content":{"rendered":"<p>\u00cen perioada 11-28 februarie 2020, reprezentan\u021bi ai conducerii ADR Nord\u2013Est vor fi prezen\u021bi \u00een fiecare jude\u021b din regiune, \u00een cadrul unor evenimente de consultare public\u0103 dedicate stabilirii viitoarelor priorit\u0103\u021bi de finan\u021bare <strong>pentru mediul privat<\/strong>, \u00een perioada 2021-2027.<\/p>\n<p>Rom\u00e2nia se afl\u0103, \u00een aceast\u0103 perioad\u0103, \u00een plin proces de negociere a documentelor de programare 2021-2027, a logicii interven\u021biilor propuse, dar \u0219i a arhitecturii viitoarelor programe opera\u021bionale.<\/p>\n<p>La nivel european, \u00een perioada 2021 \u2013 2027, accentul va fi pus pe domenii noi pentru Rom\u00e2nia, cum ar fi descoperirea antreprenorial\u0103, specializarea inteligent\u0103, facilitarea investi\u021biilor \u00een noile tehnologii, adaptarea \u00eentreprinderilor la noile cerin\u021be privind o economie cu emisii sc\u0103zute de carbon.<\/p>\n<p>Opinia dumneavoastr\u0103 este foarte important\u0103 pentru a asigura un grad de pragmatism acestui amplu proces de consultare public\u0103. Propunerile dumneavoastr\u0103 vor fi colectate, discutate \u0219i transpuse \u00een linii de finan\u021bare dedicate, conform cu nevoile de dezvoltare ale mediului de afaceri din Regiunea Nord-Est.<\/p>\n<table>\n<tbody>\n<tr>\n<td width=\"108\"><strong>Data <\/strong><\/td>\n<td width=\"76\"><strong>Localitate<\/strong><\/td>\n<td width=\"194\"><strong>Loca\u021bie<\/strong><\/td>\n<td width=\"98\"><strong>Interval orar<\/strong><\/td>\n<\/tr>\n<tr>\n<td width=\"108\">11 februarie 2020<\/td>\n<td width=\"76\">Suceava<\/td>\n<td width=\"194\"><strong>CCI Suceava<\/strong><\/p>\n<p>Sala nr.4 (sala de sticla), etaj 2<\/p>\n<p><strong>Str. Universit\u0103\u021bii, nr.15-17, Suceava<\/strong><\/td>\n<td width=\"98\">13.00 \u2013 15.00<\/td>\n<\/tr>\n<tr>\n<td width=\"108\">12 februarie 2020<\/td>\n<td width=\"76\">Boto\u0219ani<\/td>\n<td width=\"194\"><strong>Consiliul Jude\u021bean Boto\u0219ani<\/strong><\/p>\n<p>Sala Nicolae Iorga<\/p>\n<p><strong>Pia\u021ba Revolu\u021biei, nr.1-3, Boto\u0219ani<\/strong><\/td>\n<td width=\"98\">13.00 \u2013 15.00<\/td>\n<\/tr>\n<tr>\n<td width=\"108\">20 februarie 2020<\/td>\n<td width=\"76\">Vaslui<\/td>\n<td width=\"194\"><strong>Consiliul Jude\u021bean Vaslui<\/strong><\/p>\n<p>Sala de \u0218edin\u021be a CJ Vaslui<\/p>\n<p><strong>Str. \u0218tefan cel Mare, nr.79, Vaslui<\/strong><\/td>\n<td width=\"98\">13.00 \u2013 15.00<\/td>\n<\/tr>\n<tr>\n<td width=\"108\">21 februarie 2020<\/td>\n<td width=\"76\">Piatra Neam\u021b<\/td>\n<td width=\"194\"><strong>Rubik Hub<\/strong><\/p>\n<p>Sala Cloud<\/p>\n<p><strong>Aleea Tineretului (\u0218trand), nr.26, Piatra Neam\u021b <\/strong><\/td>\n<td width=\"98\">12.30 \u2013 14.30<\/td>\n<\/tr>\n<tr>\n<td width=\"108\">27 februarie 2020<\/td>\n<td width=\"76\">Ia\u0219i<\/td>\n<td width=\"194\"><strong>Universitatea \u201eGheorghe Asachi\u201d<\/strong><\/p>\n<p>Cladirea TEX1, Sala SMARTER (parter)<\/p>\n<p>Facultatea de Design Industrial \u0219i Managementul Afacerilor (Textile)<\/p>\n<p><strong>Bulevardul Profesor Dimitrie Mangeron, nr. 29, Ia\u0219i <\/strong><\/td>\n<td width=\"98\">13.00 \u2013 15.00<\/td>\n<\/tr>\n<tr>\n<td width=\"108\">28 februarie 2020<\/td>\n<td width=\"76\">Bac\u0103u<\/td>\n<td width=\"194\"><strong>Universitatea \u201eVasile Alecsandri\u201d<\/strong><\/p>\n<p>Corpul B, Sala BI42, etaj 1<\/p>\n<p><strong>Calea Marasesti, nr.157, Bacau<\/strong><\/td>\n<td width=\"98\">12.30 \u2013 14.30<\/td>\n<\/tr>\n<\/tbody>\n<\/table>\n<p>Confirmarea particip\u0103rii se poate face p\u00e2n\u0103 la data de 10 februarie 2020, prin completarea <a href=\"https:\/\/forms.gle\/5K7T286Yezft5aQR7\">formularului de \u00eenregistrare<\/a>.<\/p>\n<p>V\u0103 a\u0219tept\u0103m cu drag!<\/p>\n","protected":false},"excerpt":{"rendered":"<p>\u00cen perioada 11-28 februarie 2020, reprezentan\u021bi ai conducerii ADR Nord\u2013Est vor fi prezen\u021bi \u00een fiecare jude\u021b din regiune, \u00een cadrul unor evenimente de consultare public\u0103 dedicate stabilirii viitoarelor priorit\u0103\u021bi de finan\u021bare pentru mediul privat, \u00een perioada 2021-2027. Rom\u00e2nia se afl\u0103, \u00een aceast\u0103 perioad\u0103, \u00een plin proces de negociere a documentelor de programare 2021-2027, a logicii<\/p>\n","protected":false},"author":5,"featured_media":0,"comment_status":"closed","ping_status":"open","sticky":false,"template":"","format":"standard","meta":{"footnotes":""},"categories":[60],"tags":[],"class_list":["post-42866","post","type-post","status-publish","format-standard","hentry","category-evenimente"],"_links":{"self":[{"href":"https:\/\/ccisv.ro\/content\/wp-json\/wp\/v2\/posts\/42866","targetHints":{"allow":["GET"]}}],"collection":[{"href":"https:\/\/ccisv.ro\/content\/wp-json\/wp\/v2\/posts"}],"about":[{"href":"https:\/\/ccisv.ro\/content\/wp-json\/wp\/v2\/types\/post"}],"author":[{"embeddable":true,"href":"https:\/\/ccisv.ro\/content\/wp-json\/wp\/v2\/users\/5"}],"replies":[{"embeddable":true,"href":"https:\/\/ccisv.ro\/content\/wp-json\/wp\/v2\/comments?post=42866"}],"version-history":[{"count":1,"href":"https:\/\/ccisv.ro\/content\/wp-json\/wp\/v2\/posts\/42866\/revisions"}],"predecessor-version":[{"id":42867,"href":"https:\/\/ccisv.ro\/content\/wp-json\/wp\/v2\/posts\/42866\/revisions\/42867"}],"wp:attachment":[{"href":"https:\/\/ccisv.ro\/content\/wp-json\/wp\/v2\/media?parent=42866"}],"wp:term":[{"taxonomy":"category","embeddable":true,"href":"https:\/\/ccisv.ro\/content\/wp-json\/wp\/v2\/categories?post=42866"},{"taxonomy":"post_tag","embeddable":true,"href":"https:\/\/ccisv.ro\/content\/wp-json\/wp\/v2\/tags?post=42866"}],"curies":[{"name":"wp","href":"https:\/\/api.w.org\/{rel}","templated":true}]}}