{"id":40376,"date":"2019-02-28T12:37:59","date_gmt":"2019-02-28T10:37:59","guid":{"rendered":"http:\/\/ccisv.ro\/content\/?p=40376"},"modified":"2019-02-28T12:51:30","modified_gmt":"2019-02-28T10:51:30","slug":"targuri-si-expozitii-din-romania-martie-2019","status":"publish","type":"post","link":"https:\/\/ccisv.ro\/content\/targuri-si-expozitii-din-romania-martie-2019\/","title":{"rendered":"T\u00e2rguri \u0219i expozi\u021bii din Rom\u00e2nia martie 2019"},"content":{"rendered":"<p>06.03 \u2013 10.03 || CONTEX \u2013 ZIUA FEMEII \u2013 Domeniul de activitate: \u00eembr\u0103c\u0103minte, \u00eenc\u0103l\u0163\u0103minte, confec\u0163ii dam\u0103, b\u0103rba\u0163i \u015fi copii, confec\u0163ii textile, tricotaje,piel\u0103rie, bl\u0103nuri, marochin\u0103rie, artizanat, hand made Edi\u0163ia a XVI\u2013a || C.C.I. DOLJ<br \/>\n06.03 \u2013 10.03 || EXPOSTIL \u2013 T\u00c2RG SPECIALIZAT DE \u00ceMBR\u0102C\u0102MINTE, \u00ceNC\u0102L\u021a\u0102MINTE \u0218I ALTE BUNURI DE CONSUM || C.C.I. CLUJ<br \/>\n07.03 \u2013 10.03 || CONFORT CONSTRUCT &#038; INSTAL \u2013 T\u00e2rg interna\u0163ional de construc\u0163ii, instala\u0163ii, imobiliare Edi\u021bia 25 || C.C.I.A. ARAD<br \/>\n09.03 \u2013 10.03 || T\u00e2rg Imobiliare || C.C.I.A. TIMI\u0218<br \/>\n14.03 \u2013 15.03 || SALON PRAHOVEAN DE FACILITY MANAGEMENT- Servicii de facility management, echipament \u0219i servicii pentru protec\u021bia muncii, protec\u021bia mediului, sisteme de paz\u0103 \u0219i securitate Centrul de afaceri Lumina Verde || C.C.I. PRAHOVA<br \/>\n14.03 \u2013 17.03 || CONSTRUCT-AMBIENT EXPO \u2013 T\u00e2rg Interna\u021bional de tehnologii, echipamente, utilaje \u0219i materiale pentru construc\u021bii, amenaj\u0103ri interioare \u0219i exterioare, decora\u021biuni \u0219i piscine || ROMEXPO<br \/>\n14.03 \u2013 17.03 || ROMTHERM \u2013 Expozi\u021bie interna\u021bional\u0103 pentru instala\u021bii, echipamente de \u00eenc\u0103lzire, r\u0103cire \u0219i de condi\u021bionare a aerului || ROMEXPO<br \/>\n14.03 \u2013 17.03 || MOBILA EXPO \u2013 T\u00e2rg de mobil\u0103 || ROMEXPO<br \/>\n14.03 \u2013 17.03 || EXPO FLOWERS&#038;GARDEN \u2013 Expozi\u021bie interna\u021bional\u0103 de flori, amenaj\u0103ri peisagistice, horticultur\u0103 \u0219i gr\u0103din\u0103rit || ROMEXPO<br \/>\n14.03 \u2013 17.03 || ANTIQUE MARKET I \u2013 T\u00e2rg de obiecte de art\u0103 \u0219i antichit\u0103\u021bi || ROMEXPO<br \/>\n14.03 \u2013 17.03 || MODEXPO I \u2013 Expozi\u0163ie interna\u021bional\u0103 de \u021bes\u0103turi textile, \u00eembr\u0103c\u0103minte, piel\u0103rie, bl\u0103n\u0103rie, \u00eenc\u0103l\u021b\u0103minte \u0219i marochin\u0103rie, accesorii || ROMEXPO<br \/>\n15.03 \u2013 17.03 || T\u00c2RG PENTRU NUN\u0162I \u2013 Salon specializat de articole \u015fi servicii pentru nun\u0163i \u015fi ocazii speciale || C.C.I.N.A. CONSTAN\u021aA<br \/>\n15.03 \u2013 17.03 || BIO LIFE &#038; STYLE EXPO I \u2013 Expozi\u021bie pentru o via\u021b\u0103 verde || ROMEXPO<br \/>\n20.03 \u2013 24.03 || AUTO UTILITAR EXPO \u2013 Salon de auto-utilitare \u0219i utilaje pentru servicii logistice Pavilionul Expozi\u0163ional Mamaia || C.C.I. PRAHOVA<br \/>\n20.03 \u2013 24.03 || T.I.T. \u2013 Edi\u0163ia a 23\u2013a- T\u00e2rg interna\u0163ional tehnic || C.C.I. CLUJ<br \/>\n20.03 \u2013 24.03 || EXPOFASHION PIATRA NEAM\u021a || C.C.I. NEAM\u021a<br \/>\n20.03 \u2013 24.03 || TINIMTEX \u2013 T\u00c2RG NA\u021aIONAL DE \u00ceMBR\u0102C\u0102MINTE \u0218I \u00ceNC\u0102L\u021a\u0102MINTE || C.C.I.N.A. CONSTAN\u021aA<br \/>\n25.03 \u2013 30.03 || T\u00c2RGUL GOSPODARULUI \u2013 T\u00e2rg de flori, amenaj\u0103ri exterioare, mobilier \u0219i dot\u0103ri pentru gr\u0103din\u0103, bunuri de larg consum || C.C.I.A. TELEORMAN<br \/>\n28.03 \u2013 30.03 || GASTROPAN Eveniment de tehnologii \u0219i solu\u021bii pentru industria de panifica\u021bie, cofet\u0103rie \u0219i HoReCa || C.C.I.A. ARAD<br \/>\n28.03 \u2013 31.03 || Universul Casei Tale &#038; Expo Mobila || C.C.I.A. TIMI\u0218<br \/>\n28.03 \u2013 31.03 || AGRO EXPO BUCOVINA \u2013 SALONUL PRODUSELOR ALIMENTARE \u2013 T\u00e2rg specializat pentru echipamente \u0219i produse din domeniul agriculturii, zootehniei \u0219i industriei alimentare || C.C.I. SUCEAVA<br \/>\n28.03 \u2013 31.03 || SALON DOT\u0102RI HOTELIERE \u015eI ALIMENTA\u0162IE PUBLIC\u0102 \u2013 Salon de echipamente, materiale \u015fi mobilier pentru hoteluri \u015fi restaurante Pavilionul Expozi\u0163ional Mamaia || C.C.I.N.A. CONSTAN\u021aA<br \/>\n28.03 \u2013 31.03 || T\u00c2RG DE TURISM VACAN\u0162A \u2013 Organizat \u00een colaborare cu Asocia\u0163ia Na\u0163ional\u0103 a Agen\u0163iilor de Turism || C.C.I.N.A. CONSTAN\u021aA<br \/>\n28.03 \u2013 31.03 || T\u00c2RG DE MOBIL\u0102 \u2013 TOTUL PENTRU CAS\u0102 \u0218I FAMILIE \u2013 Salon de mobile \u0219i Salon de finan\u021b\u0103ri \u0219i asigur\u0103ri Edi\u021bia a VIII-a Pavilionul Expozi\u021bional Mamaia || C.C.I.N.A. CONSTAN\u021aA<br \/>\n28.03 \u2013 01.04 || T\u00c2RGUL DE CADOURI DE PA\u0218TE-TINIMTEX \u2013 T\u00e2rg specializat pentru cadouri Pavilionul Expozi\u0163ional Mamaia || C.C.I.N.A. CONSTAN\u021aA<br \/>\n30.03 \u2013 06.04 || T\u00c2RGUL PRODUC\u0102TORILOR AGRICOLI || C.C.I. NEAM\u021a<br \/>\nMartie || TOP TRAVEL \u2013 T\u00e2rgul regional de turism || C.C.I. BIHOR<\/p>\n","protected":false},"excerpt":{"rendered":"<p>06.03 \u2013 10.03 || CONTEX \u2013 ZIUA FEMEII \u2013 Domeniul de activitate: \u00eembr\u0103c\u0103minte, \u00eenc\u0103l\u0163\u0103minte, confec\u0163ii dam\u0103, b\u0103rba\u0163i \u015fi copii, confec\u0163ii textile, tricotaje,piel\u0103rie, bl\u0103nuri, marochin\u0103rie, artizanat, hand made Edi\u0163ia a XVI\u2013a || C.C.I. DOLJ 06.03 \u2013 10.03 || EXPOSTIL \u2013 T\u00c2RG SPECIALIZAT DE \u00ceMBR\u0102C\u0102MINTE, \u00ceNC\u0102L\u021a\u0102MINTE \u0218I ALTE BUNURI DE CONSUM || C.C.I. CLUJ 07.03 \u2013 10.03<\/p>\n","protected":false},"author":5,"featured_media":0,"comment_status":"closed","ping_status":"open","sticky":false,"template":"","format":"standard","meta":{"footnotes":""},"categories":[60],"tags":[],"class_list":["post-40376","post","type-post","status-publish","format-standard","hentry","category-evenimente"],"_links":{"self":[{"href":"https:\/\/ccisv.ro\/content\/wp-json\/wp\/v2\/posts\/40376","targetHints":{"allow":["GET"]}}],"collection":[{"href":"https:\/\/ccisv.ro\/content\/wp-json\/wp\/v2\/posts"}],"about":[{"href":"https:\/\/ccisv.ro\/content\/wp-json\/wp\/v2\/types\/post"}],"author":[{"embeddable":true,"href":"https:\/\/ccisv.ro\/content\/wp-json\/wp\/v2\/users\/5"}],"replies":[{"embeddable":true,"href":"https:\/\/ccisv.ro\/content\/wp-json\/wp\/v2\/comments?post=40376"}],"version-history":[{"count":1,"href":"https:\/\/ccisv.ro\/content\/wp-json\/wp\/v2\/posts\/40376\/revisions"}],"predecessor-version":[{"id":40377,"href":"https:\/\/ccisv.ro\/content\/wp-json\/wp\/v2\/posts\/40376\/revisions\/40377"}],"wp:attachment":[{"href":"https:\/\/ccisv.ro\/content\/wp-json\/wp\/v2\/media?parent=40376"}],"wp:term":[{"taxonomy":"category","embeddable":true,"href":"https:\/\/ccisv.ro\/content\/wp-json\/wp\/v2\/categories?post=40376"},{"taxonomy":"post_tag","embeddable":true,"href":"https:\/\/ccisv.ro\/content\/wp-json\/wp\/v2\/tags?post=40376"}],"curies":[{"name":"wp","href":"https:\/\/api.w.org\/{rel}","templated":true}]}}