{"id":39279,"date":"2018-09-20T14:20:54","date_gmt":"2018-09-20T12:20:54","guid":{"rendered":"http:\/\/ccisv.ro\/content\/?p=39279"},"modified":"2018-09-20T14:20:54","modified_gmt":"2018-09-20T12:20:54","slug":"comunicat-seminarul-probleme-privind-angajarea-fortei-de-munca-si-oportunitati-de-finantare-pentru-stimularea-investitiilor-cu-impact-major-in-economie-20-septembrie-2018","status":"publish","type":"post","link":"https:\/\/ccisv.ro\/content\/comunicat-seminarul-probleme-privind-angajarea-fortei-de-munca-si-oportunitati-de-finantare-pentru-stimularea-investitiilor-cu-impact-major-in-economie-20-septembrie-2018\/","title":{"rendered":"COMUNICAT SEMINARUL \u201eProbleme privind angajarea for\u021bei de munc\u0103 \u0219i oportunit\u0103\u021bi de finan\u021bare pentru stimularea investi\u021biilor cu impact major \u00een economie\u201e 20 septembrie 2018"},"content":{"rendered":"<p>Camera de Comer\u021b \u0219i Industrie Suceava a organizat ast\u0103zi, <strong>20 septembrie 2018<\/strong>, seminarul \u201dProbleme privind angajarea for\u021bei de munc\u0103 \u0219i oportunit\u0103\u021bi de finan\u021bare pentru stimularea investi\u021biilor cu impact major \u00een economie\u201d, eveniment la care au participat reprezentan\u021bi a peste 40 de companii din jude\u021bul Suceava.<\/p>\n<p>Evenimentul a urm\u0103rit s\u0103 r\u0103spund\u0103 \u00eentreb\u0103rilor referitoare la regimul juridic al angaj\u0103rii lucr\u0103torilor din afara spa\u021biului Uniunii Europene \u00een Rom\u00e2nia, s\u0103 prezinte schema de ajutor de stat av\u00e2nd ca obiectiv stimularea investi\u021biilor cu impact major \u00een economie (H.G. nr. 807\/2014), precum \u0219i s\u0103 promoveze programele de formare oferite de proiectul\u00a0 \u201cManageri competen\u021bi pentru \u00eentreprinderi responsabile &#8211; #businessresponsabil\u201d \u2013 ID 117359, cofinan\u021bat din Programul Opera\u021bional Capital Uman 2014-2020, Axa prioritar\u0103 3: Locuri de munc\u0103 pentru to\u021bi \u2013 organizat\u0103 de Camera de Comer\u021b \u0219i Industrie Neam\u021b.<\/p>\n<p>Referitor la primul subiect al seminarului, reprezentan\u021bii ITM Suceava \u0219i ai Biroului pentru Imigr\u0103ri al jude\u021bului Suceava au oferit informa\u021bii suplimentare despre cadrul legislativ care reglementeaz\u0103 regimul juridic al angaj\u0103rii lucr\u0103torilor din afara spa\u021biului Uniunii Europene, documentele necesare pentru str\u0103inii cu regim permanent sau deta\u0219a\u021bi, avizele solicitate, excep\u021bii. De asemenea, s-au formulat \u00eentreb\u0103ri punctuale referitor la acest subiect, \u00eentreb\u0103ri la care dl. Comisar Florin Ioan PETRESCU a r\u0103spuns \u0219i i-a invitat pe cei interesa\u021bi s\u0103 se adreseze pentru consultan\u021b\u0103 Biroului pentru Imigr\u0103ri al Jude\u021bului Suceava.<\/p>\n<p>Informa\u021bii despre SCHEMA DE AJUTOR DE STAT aprobat\u0103 prin H.G. Nr. 807\/2014 pentru instituirea unor scheme de ajutor de stat av\u00e2nd ca obiectiv stimularea investi\u0163iilorcu impact major \u00een economie \u0219i implementat\u0103 de Ministerul Finan\u021belor Publice au fost prezentate de dl. Dumitru \u0218tefanciuc reprezentant al DGRFP Ia\u015fi, Administra\u021bia Jude\u021bean\u0103 a Finan\u021belor Publice Suceava. S-au punctat principalele modific\u0103ri fa\u021b\u0103 de forma precedent\u0103 a condi\u021biilor de eligibilitate, condi\u021bii de acordare a ajutorului de stat, programul de deulare \u0219i nu numai.<\/p>\n<p>Doamna Elena Aurora Emilia MIRON, Manager al proiectului \u201cManageri competen\u021bi pentru \u00eentreprinderi responsabile &#8211; #businessresponsabil\u201d \u2013 ID 117359, cofinan\u021bat din Programul Opera\u021bional Capital Uman 2014-2020, Axa prioritar\u0103 3: Locuri de munc\u0103 pentru to\u021bi, a prezentat \u00een cadrul evenimentului de ast\u0103zi o serie de cursuri \u0219i evenimente la care angaja\u021bii din firmele sucevene\u00a0 pot participa. Oferta este una variat\u0103 \u0219i cuprinde cursuri de Competen\u021be Antreprenoriale, Manager Proiect, Manager de Responsabilitate Social\u0103, Manager de Inovare, Inspector Resurse Umane, Manager Resurse Umane, sesiuni de business coaching, Workshop pe tema \u201e\u00cenv\u0103\u021barea pe tot parcursul vie\u021bii\u201d sau conferin\u021be pe tema \u00a0\u201eCre\u0219terea competitivit\u0103\u021bii IMM-urilor din Regiunea Nord-Est prin inovare\u201d \u0219i \u201ePromovarea \u00eemb\u0103tr\u00e2nirii active \u0219i adaptarea muncii la nevoile lucr\u0103torilor v\u00e2rstnici\u201d.<\/p>\n","protected":false},"excerpt":{"rendered":"<p>Camera de Comer\u021b \u0219i Industrie Suceava a organizat ast\u0103zi, 20 septembrie 2018, seminarul \u201dProbleme privind angajarea for\u021bei de munc\u0103 \u0219i oportunit\u0103\u021bi de finan\u021bare pentru stimularea investi\u021biilor cu impact major \u00een economie\u201d, eveniment la care au participat reprezentan\u021bi a peste 40 de companii din jude\u021bul Suceava. Evenimentul a urm\u0103rit s\u0103 r\u0103spund\u0103 \u00eentreb\u0103rilor referitoare la regimul juridic<\/p>\n","protected":false},"author":5,"featured_media":0,"comment_status":"closed","ping_status":"open","sticky":false,"template":"","format":"standard","meta":{"footnotes":""},"categories":[60],"tags":[],"class_list":["post-39279","post","type-post","status-publish","format-standard","hentry","category-evenimente"],"_links":{"self":[{"href":"https:\/\/ccisv.ro\/content\/wp-json\/wp\/v2\/posts\/39279","targetHints":{"allow":["GET"]}}],"collection":[{"href":"https:\/\/ccisv.ro\/content\/wp-json\/wp\/v2\/posts"}],"about":[{"href":"https:\/\/ccisv.ro\/content\/wp-json\/wp\/v2\/types\/post"}],"author":[{"embeddable":true,"href":"https:\/\/ccisv.ro\/content\/wp-json\/wp\/v2\/users\/5"}],"replies":[{"embeddable":true,"href":"https:\/\/ccisv.ro\/content\/wp-json\/wp\/v2\/comments?post=39279"}],"version-history":[{"count":1,"href":"https:\/\/ccisv.ro\/content\/wp-json\/wp\/v2\/posts\/39279\/revisions"}],"predecessor-version":[{"id":39280,"href":"https:\/\/ccisv.ro\/content\/wp-json\/wp\/v2\/posts\/39279\/revisions\/39280"}],"wp:attachment":[{"href":"https:\/\/ccisv.ro\/content\/wp-json\/wp\/v2\/media?parent=39279"}],"wp:term":[{"taxonomy":"category","embeddable":true,"href":"https:\/\/ccisv.ro\/content\/wp-json\/wp\/v2\/categories?post=39279"},{"taxonomy":"post_tag","embeddable":true,"href":"https:\/\/ccisv.ro\/content\/wp-json\/wp\/v2\/tags?post=39279"}],"curies":[{"name":"wp","href":"https:\/\/api.w.org\/{rel}","templated":true}]}}