{"id":39186,"date":"2018-09-11T14:51:27","date_gmt":"2018-09-11T12:51:27","guid":{"rendered":"http:\/\/ccisv.ro\/content\/?p=39186"},"modified":"2018-09-12T07:37:52","modified_gmt":"2018-09-12T05:37:52","slug":"invitatie-la-seminarul-probleme-privind-angajarea-fortei-de-munca-si-oportunitati-de-finantare-pentru-stimularea-investitiilor-cu-impact-major-in-economie","status":"publish","type":"post","link":"https:\/\/ccisv.ro\/content\/invitatie-la-seminarul-probleme-privind-angajarea-fortei-de-munca-si-oportunitati-de-finantare-pentru-stimularea-investitiilor-cu-impact-major-in-economie\/","title":{"rendered":"INVITA\u021aIE LA SEMINARUL &#8222;Probleme privind angajarea for\u021bei de munc\u0103 \u0219i oportunit\u0103\u021bi de finan\u021bare pentru stimularea investi\u021biilor cu impact major \u00een economie&#8221;"},"content":{"rendered":"<p><strong><u>STIMAT\u0102 DOAMN\u0102\/STIMATE DOMNULE<\/u><\/strong><u>,<\/u><\/p>\n<p>Camera de Comer\u021b \u0219i Industrie Suceava are deosebita onoare de a v\u0103 \u00eenvita s\u0103 participa\u021bi <strong>joi, 20 septembrie 2018<\/strong>, la seminarul \u201dProbleme privind angajarea for\u021bei de munc\u0103 \u0219i oportunit\u0103\u021bi de finan\u021bare pentru stimularea investi\u021biilor cu impact major \u00een economie\u201d.<\/p>\n<p>Evenimentul urmeaz\u0103 s\u0103 se desf\u0103\u0219oare \u00eencep\u00e2nd cu ora 10:00 la etajul 2 al sediului Camerei de Comer\u021b \u0219i Industrie Suceava din Municipiul Suceava, str. Universit\u0103\u021bii nr. 15-17.<\/p>\n<p>Urm\u0103rind consolidarea \u0219i dezvoltarea continu\u0103 a sectorului privat, ne propunem ca acest eveniment s\u0103 abordeze teme actuale \u0219i de interes pentru mediul de afaceri, precum:<\/p>\n<ol>\n<li>Regimul juridic al angaj\u0103rii lucr\u0103torilor din afara spa\u021biului Uniunii Europene \u00een Rom\u00e2nia<\/li>\n<li>Formalit\u0103\u021bi necesare \u00een vederea ob\u021binerii formularului A1 pentru lucr\u0103torii rom\u00e2ni deta\u0219a\u021bi \u00een str\u0103in\u0103tate<\/li>\n<li>Prezentarea schemei de ajutor de stat av\u00e2nd ca obiectiv stimularea investi\u021biilor cu impact major \u00een economie (H.G. nr. 807\/2014)<\/li>\n<li>Caravana de informare \u0219i con\u0219tientizare pentru persoanele interesate s\u0103 participe la programele de formare oferite de proiectul \u201cManageri competen\u021bi pentru \u00eentreprinderi responsabile &#8211; #businessresponsabil\u201d \u2013 ID 117359, cofinan\u021bat din Programul Opera\u021bional Capital Uman 2014-2020, Axa prioritar\u0103 3: Locuri de munc\u0103 pentru to\u021bi \u2013 organizat\u0103 de Camera de Comer\u021b \u0219i Industrie Neam\u021b. <span style=\"color: #0077ff;\"><strong><a style=\"color: #0077ff;\" href=\"http:\/\/ccisv.ro\/content\/wp-content\/uploads\/2018\/09\/Invitatie-firme-Caravana-Suceava.pdf\" target=\"_blank\">Click pentru mai multe informa\u0163ii<\/a><\/strong><\/span><\/li>\n<\/ol>\n<p>Seminarul se adreseaz\u0103 managerilor \u0219i persoanelor cu putere de decizie \u00een cadrul \u00eentreprinderilor, precum \u0219i persoanelor responsabile din cadrul departamentelor de resurse umane, participarea este gratuit\u0103 \u0219i se face \u00een baza complet\u0103rii \u0219i transmiterii <span style=\"color: #0077ff;\"><a style=\"color: #0077ff;\" href=\"https:\/\/docs.google.com\/forms\/d\/e\/1FAIpQLScQqboa896tPf7w1txdeD3XHts5b8Sr7fTWXVs-zSTUp40Zcw\/viewform\" target=\"_blank\"><strong>formularului de \u00eenscriere<\/strong><\/a><\/span> p\u00e2n\u0103 la data de 18 septembrie 2018.<\/p>\n<p>Pentru informa\u021bii suplimentare ne pute\u021bi contacta la numerele de telefon:<\/p>\n<p>0747 496 010 \u2013 persoan\u0103 de contact Elena ZAMCU<\/p>\n<p>0749 145 569 \u2013 persoan\u0103 de contact Cristina HRI\u0218C\u0102.<em><br \/>\n<\/em><\/p>\n<p>&nbsp;<\/p>\n<p>Cu deosebit\u0103 considera\u021bie,<\/p>\n<p><strong>CAMERA DE COMER\u021a \u0218I INDUSTRIE SUCEAVA<\/strong><\/p>\n<p><strong>Pre\u0219edinte Executiv,<\/strong><\/p>\n<p><strong>LUCIAN GHEORGHIU<\/strong><\/p>\n","protected":false},"excerpt":{"rendered":"<p>STIMAT\u0102 DOAMN\u0102\/STIMATE DOMNULE, Camera de Comer\u021b \u0219i Industrie Suceava are deosebita onoare de a v\u0103 \u00eenvita s\u0103 participa\u021bi joi, 20 septembrie 2018, la seminarul \u201dProbleme privind angajarea for\u021bei de munc\u0103 \u0219i oportunit\u0103\u021bi de finan\u021bare pentru stimularea investi\u021biilor cu impact major \u00een economie\u201d. Evenimentul urmeaz\u0103 s\u0103 se desf\u0103\u0219oare \u00eencep\u00e2nd cu ora 10:00 la etajul 2 al<\/p>\n","protected":false},"author":5,"featured_media":0,"comment_status":"closed","ping_status":"open","sticky":false,"template":"","format":"standard","meta":{"footnotes":""},"categories":[67],"tags":[],"class_list":["post-39186","post","type-post","status-publish","format-standard","hentry","category-activitati-cci"],"_links":{"self":[{"href":"https:\/\/ccisv.ro\/content\/wp-json\/wp\/v2\/posts\/39186","targetHints":{"allow":["GET"]}}],"collection":[{"href":"https:\/\/ccisv.ro\/content\/wp-json\/wp\/v2\/posts"}],"about":[{"href":"https:\/\/ccisv.ro\/content\/wp-json\/wp\/v2\/types\/post"}],"author":[{"embeddable":true,"href":"https:\/\/ccisv.ro\/content\/wp-json\/wp\/v2\/users\/5"}],"replies":[{"embeddable":true,"href":"https:\/\/ccisv.ro\/content\/wp-json\/wp\/v2\/comments?post=39186"}],"version-history":[{"count":5,"href":"https:\/\/ccisv.ro\/content\/wp-json\/wp\/v2\/posts\/39186\/revisions"}],"predecessor-version":[{"id":39195,"href":"https:\/\/ccisv.ro\/content\/wp-json\/wp\/v2\/posts\/39186\/revisions\/39195"}],"wp:attachment":[{"href":"https:\/\/ccisv.ro\/content\/wp-json\/wp\/v2\/media?parent=39186"}],"wp:term":[{"taxonomy":"category","embeddable":true,"href":"https:\/\/ccisv.ro\/content\/wp-json\/wp\/v2\/categories?post=39186"},{"taxonomy":"post_tag","embeddable":true,"href":"https:\/\/ccisv.ro\/content\/wp-json\/wp\/v2\/tags?post=39186"}],"curies":[{"name":"wp","href":"https:\/\/api.w.org\/{rel}","templated":true}]}}