{"id":37725,"date":"2018-03-15T08:09:20","date_gmt":"2018-03-15T06:09:20","guid":{"rendered":"http:\/\/ccisv.ro\/content\/?p=37725"},"modified":"2023-06-28T11:50:59","modified_gmt":"2023-06-28T08:50:59","slug":"lansare-curs-de-manager-resurse-umane-17-martie-2018","status":"publish","type":"post","link":"https:\/\/ccisv.ro\/content\/lansare-curs-de-manager-resurse-umane-17-martie-2018\/","title":{"rendered":"Lansare curs de &#8222;Manager resurse umane&#8221; &#8211; 17 martie 2018"},"content":{"rendered":"<p>Camera de Comer\u0163 \u015fi Industrie Suceava anun\u021b\u0103 organizarea cursului de \u201e<em>Manager resurse umane<\/em>\u201e \u00eencep\u00e2nd cu data de 17 martie 2018.<\/p>\n<p>Cursul de \u201e<em>Manager resurse umane<\/em>\u201e este un curs de perfec\u021bionare, ce \u00ee\u0219i propune s\u0103 furnizeze cursan\u021bilor cuno\u0219tin\u021be referitoare la instrumentele de reducere a pierderilor datorate gestion\u0103rii ineficiente a resurselor umane \u0219i care pune accent pe recrutarea personalului potrivit, evaluarea obiectiv\u0103 a competen\u021belor, motivarea pentru cre\u0219terea performan\u021bei.<\/p>\n<p>Acest curs este organizat \u00een colaborare cu Consulting Group SRL, furnizor de formare profesional\u0103 cu o vast\u0103 experien\u021b\u0103 \u00een domeniu.<\/p>\n<p>Obiective exprimate \u00een competen\u021be profesionale:<strong>\u00a0<\/strong>consilierea celorlal\u021bi manageri \u00een probleme de resurse umane, coordonarea desf\u0103\u0219ur\u0103rii activit\u0103\u021bii de RU, elaborarea politicilor \u0219i programelor de RU, coordonarea personalului din cadrul departamentului de RU, elaborarea strategiei de RU, monitorizarea costurilor de personal, monitorizarea sistemului de rela\u021bii de munc\u0103 al organiza\u021biei.<\/p>\n<p>Dup\u0103 absolvirea cursului de \u201e<em>Manager resurse umane<\/em>\u201e se elibereaz\u0103 un certificat de absolvire emis de Ministerul Educa\u0163iei Na\u0163ionale \u015fi Cercet\u0103rii \u015etiin\u0163ifice \u0219i recunoscut de Ministerul Muncii, Familiei, Protec\u0163iei Sociale \u015fi Persoanelor V\u00e2rstnice, Ministerul Educa\u0163iei Na\u0163ionale \u015fi Autoritatea Na\u0163ional\u0103 pentru Calific\u0103ri, \u00eenso\u0163it de suplimentul descriptiv care atest\u0103 competen\u0163ele dob\u00e2ndite. Certificatul de absolvire are recunoa\u0219tere interna\u0163ional\u0103 dac\u0103 este tradus \u015fi apostilat.<\/p>\n<p>Cursul va avea loc la sediul Camerei de Comer\u0163 \u015fi Industrie Suceava \u00eencep\u00e2nd cu data de 17 martie 2018. Taxa de participare este de 600 de lei\/persoan\u0103, iar studen\u021bii \u00eenscri\u0219i beneficiaz\u0103 de o reducere de 50%.<\/p>\n<h2><a href=\"http:\/\/ccisv.ro\/content\/wp-content\/uploads\/2017\/02\/12.png\">Fi\u015f\u0103 prezentare curs<\/a><\/h2>\n<h2><a href=\"http:\/\/ccisv.ro\/content\/wp-content\/uploads\/2017\/02\/formular-de-inscriere.pdf\">Formular de \u00eenscriere<\/a><\/h2>\n","protected":false},"excerpt":{"rendered":"<p>Camera de Comer\u0163 \u015fi Industrie Suceava anun\u021b\u0103 organizarea cursului de \u201eManager resurse umane\u201e \u00eencep\u00e2nd cu data de 17 martie 2018. Cursul de \u201eManager resurse umane\u201e este un curs de perfec\u021bionare, ce \u00ee\u0219i propune s\u0103 furnizeze cursan\u021bilor cuno\u0219tin\u021be referitoare la instrumentele de reducere a pierderilor datorate gestion\u0103rii ineficiente a resurselor umane \u0219i care pune accent pe<\/p>\n","protected":false},"author":5,"featured_media":0,"comment_status":"closed","ping_status":"open","sticky":false,"template":"","format":"standard","meta":{"footnotes":""},"categories":[67],"tags":[],"class_list":["post-37725","post","type-post","status-publish","format-standard","hentry","category-activitati-cci"],"_links":{"self":[{"href":"https:\/\/ccisv.ro\/content\/wp-json\/wp\/v2\/posts\/37725","targetHints":{"allow":["GET"]}}],"collection":[{"href":"https:\/\/ccisv.ro\/content\/wp-json\/wp\/v2\/posts"}],"about":[{"href":"https:\/\/ccisv.ro\/content\/wp-json\/wp\/v2\/types\/post"}],"author":[{"embeddable":true,"href":"https:\/\/ccisv.ro\/content\/wp-json\/wp\/v2\/users\/5"}],"replies":[{"embeddable":true,"href":"https:\/\/ccisv.ro\/content\/wp-json\/wp\/v2\/comments?post=37725"}],"version-history":[{"count":2,"href":"https:\/\/ccisv.ro\/content\/wp-json\/wp\/v2\/posts\/37725\/revisions"}],"predecessor-version":[{"id":37727,"href":"https:\/\/ccisv.ro\/content\/wp-json\/wp\/v2\/posts\/37725\/revisions\/37727"}],"wp:attachment":[{"href":"https:\/\/ccisv.ro\/content\/wp-json\/wp\/v2\/media?parent=37725"}],"wp:term":[{"taxonomy":"category","embeddable":true,"href":"https:\/\/ccisv.ro\/content\/wp-json\/wp\/v2\/categories?post=37725"},{"taxonomy":"post_tag","embeddable":true,"href":"https:\/\/ccisv.ro\/content\/wp-json\/wp\/v2\/tags?post=37725"}],"curies":[{"name":"wp","href":"https:\/\/api.w.org\/{rel}","templated":true}]}}