{"id":36334,"date":"2017-08-31T13:16:33","date_gmt":"2017-08-31T11:16:33","guid":{"rendered":"http:\/\/ccisv.ro\/content\/?p=36334"},"modified":"2023-06-28T11:51:17","modified_gmt":"2023-06-28T08:51:17","slug":"misiune-economica-salzburg-munchen-viena-budapesta","status":"publish","type":"post","link":"https:\/\/ccisv.ro\/content\/misiune-economica-salzburg-munchen-viena-budapesta\/","title":{"rendered":"Misiune economica &#8211; Salzburg &#8211; Munchen &#8211; Viena &#8211; Budapesta"},"content":{"rendered":"<p><img decoding=\"async\" class=\"alignnone size-full wp-image-36345\" src=\"http:\/\/ccisv.ro\/content\/wp-content\/uploads\/2017\/08\/misiune-economica.png\" alt=\"misiune economica\" width=\"800\" height=\"400\" srcset=\"https:\/\/ccisv.ro\/content\/wp-content\/uploads\/2017\/08\/misiune-economica-300x150.png 300w, https:\/\/ccisv.ro\/content\/wp-content\/uploads\/2017\/08\/misiune-economica-500x250.png 500w, https:\/\/ccisv.ro\/content\/wp-content\/uploads\/2017\/08\/misiune-economica-600x300.png 600w, https:\/\/ccisv.ro\/content\/wp-content\/uploads\/2017\/08\/misiune-economica-700x350.png 700w, https:\/\/ccisv.ro\/content\/wp-content\/uploads\/2017\/08\/misiune-economica-768x384.png 768w, https:\/\/ccisv.ro\/content\/wp-content\/uploads\/2017\/08\/misiune-economica.png 800w\" sizes=\"(max-width: 800px) 100vw, 800px\" \/><\/p>\n<p><strong>Camera de Comer\u0163 \u015fi Industrie<\/strong> \u00een colaborare cu <strong>Consiliul Jude\u0163ean<\/strong>, organizeaz\u0103\u00a0 \u00een perioada \u00a0\u00a0\u00a0\u00a0<strong>25 noiembrie \u2013 03 decembrie<\/strong>, cu ocazia \u201cLuna Cadourilor\u201d<strong>,<\/strong> o Misiune Economic\u0103 \u00een <strong>Salzburg-Munchen-Viena-Budapesta<\/strong>. Scopul acestei misiuni \u00eel constitie vizitarea expozi\u0163iilor \u015fi t\u00e2rgurilor deschise cu ocazia \u00eent\u00e2mpin\u0103rii s\u0103rb\u0103torilor de iarn\u0103 \u015fi totodat\u0103\u00a0 se va\u00a0 preg\u0103ti\u00a0 o \u00eent\u00e2lnire de afaceri la <strong>Consulatul Rom\u00e2niei la Munchen.<br \/>\n<\/strong><\/p>\n<p><strong>Salzburg\u00a0 &#8211;\u00a0 Munchen\u00a0 &#8211;\u00a0 Viena\u00a0 &#8211;\u00a0 Budapesta<br \/>\n<\/strong><\/p>\n<p>Consider\u00e2nd c\u0103 programul Misiunii Economice v\u0103 satisface pe deplin a\u015ftept\u0103rile dumneavoastr\u0103 \u015fi \u0163in\u00e2nd cont de caracterul activ \u0219i dinamic al colabor\u0103rii noastre, vom fi bucuro\u015fi s\u0103 ne onora\u0163i cu prezen\u0163a la aceast\u0103 ac\u0163iune si v\u0103 rug\u0103m s\u0103 primi\u0163i, Stimate Domnule Director General, salut\u0103rile noastre cordiale.<strong><br \/>\n<\/strong><\/p>\n<p><strong>PRE\u021a\/ persoan\u0103\u00a0 (loc \u00een camer\u0103 dubl\u0103): 599 EURO + 99 RON<\/strong><\/p>\n<p><strong>Pentru camer\u0103 single se va pl\u0103ti un supliment de 230 Euro<br \/>\n<\/strong><\/p>\n<p>In cazul \u00een care oferta noastr\u0103 prezint\u0103 interes, v\u0103 rug\u0103m s\u0103 ne contacta\u0163i: persoan\u0103 de contact &#8211; <strong>Dumitru M\u0103l\u0103\u0219inc\u0103<\/strong>, Director al Departamentului de Misiuni Economice, telefon 0230 521 506, 0741 221 493, e-mail: <a href=\"mailto:e-mail:%20malasinca@ccisuceava.ro\">malasinca.ccisuceava@gmail.com<\/a> sau Lucre\u021biu Bilius, Agen\u0163ia BILCO TRADING, telefon 0722 536 958, e-mail: <a href=\"mailto:bilco@bilco.ro\">bilco@bilco.ro<\/a>.<\/p>\n<p>A\u015ftept\u0103m cu interes r\u0103spunsul dumneavoastr\u0103, asigur\u00e2ndu-v\u0103 de \u00eentreaga disponibilitate pentru colaborare.<\/p>\n<h2><a href=\"http:\/\/ccisv.ro\/content\/wp-content\/uploads\/2017\/08\/Alte-informatii-utile.doc\" rel=\"\">Alte informatii utile<\/a><\/h2>\n<h2><a href=\"http:\/\/ccisv.ro\/content\/wp-content\/uploads\/2017\/08\/Invitatie.doc\" rel=\"\">Invitatie<\/a><\/h2>\n<h2><a href=\"http:\/\/ccisv.ro\/content\/wp-content\/uploads\/2017\/08\/Programul-detaliat-al-misiunii.doc\" rel=\"\">Programul detaliat al misiunii<\/a><\/h2>\n","protected":false},"excerpt":{"rendered":"<p>Camera de Comer\u0163 \u015fi Industrie \u00een colaborare cu Consiliul Jude\u0163ean, organizeaz\u0103\u00a0 \u00een perioada \u00a0\u00a0\u00a0\u00a025 noiembrie \u2013 03 decembrie, cu ocazia \u201cLuna Cadourilor\u201d, o Misiune Economic\u0103 \u00een Salzburg-Munchen-Viena-Budapesta. Scopul acestei misiuni \u00eel constitie vizitarea expozi\u0163iilor \u015fi t\u00e2rgurilor deschise cu ocazia \u00eent\u00e2mpin\u0103rii s\u0103rb\u0103torilor de iarn\u0103 \u015fi totodat\u0103\u00a0 se va\u00a0 preg\u0103ti\u00a0 o \u00eent\u00e2lnire de afaceri la Consulatul Rom\u00e2niei<\/p>\n","protected":false},"author":5,"featured_media":0,"comment_status":"closed","ping_status":"open","sticky":false,"template":"","format":"standard","meta":{"footnotes":""},"categories":[67],"tags":[],"class_list":["post-36334","post","type-post","status-publish","format-standard","hentry","category-activitati-cci"],"_links":{"self":[{"href":"https:\/\/ccisv.ro\/content\/wp-json\/wp\/v2\/posts\/36334","targetHints":{"allow":["GET"]}}],"collection":[{"href":"https:\/\/ccisv.ro\/content\/wp-json\/wp\/v2\/posts"}],"about":[{"href":"https:\/\/ccisv.ro\/content\/wp-json\/wp\/v2\/types\/post"}],"author":[{"embeddable":true,"href":"https:\/\/ccisv.ro\/content\/wp-json\/wp\/v2\/users\/5"}],"replies":[{"embeddable":true,"href":"https:\/\/ccisv.ro\/content\/wp-json\/wp\/v2\/comments?post=36334"}],"version-history":[{"count":2,"href":"https:\/\/ccisv.ro\/content\/wp-json\/wp\/v2\/posts\/36334\/revisions"}],"predecessor-version":[{"id":36352,"href":"https:\/\/ccisv.ro\/content\/wp-json\/wp\/v2\/posts\/36334\/revisions\/36352"}],"wp:attachment":[{"href":"https:\/\/ccisv.ro\/content\/wp-json\/wp\/v2\/media?parent=36334"}],"wp:term":[{"taxonomy":"category","embeddable":true,"href":"https:\/\/ccisv.ro\/content\/wp-json\/wp\/v2\/categories?post=36334"},{"taxonomy":"post_tag","embeddable":true,"href":"https:\/\/ccisv.ro\/content\/wp-json\/wp\/v2\/tags?post=36334"}],"curies":[{"name":"wp","href":"https:\/\/api.w.org\/{rel}","templated":true}]}}