{"id":33157,"date":"2016-09-29T14:47:04","date_gmt":"2016-09-29T12:47:04","guid":{"rendered":"http:\/\/ccisv.ro\/content\/?p=33157"},"modified":"2023-06-28T11:52:02","modified_gmt":"2023-06-28T08:52:02","slug":"invitatie-dezbatere-oportunitati-de-afaceri-transfrontaliere-romania-ucraina","status":"publish","type":"post","link":"https:\/\/ccisv.ro\/content\/invitatie-dezbatere-oportunitati-de-afaceri-transfrontaliere-romania-ucraina\/","title":{"rendered":"Invita\u021bie dezbatere oportunit\u0103\u021bi de afaceri transfrontaliere Rom\u00e2nia &#8211; Ucraina"},"content":{"rendered":"<p>Stima\u021bi membri,<\/p>\n<p>&nbsp;<\/p>\n<p>Av\u00e2nd \u00een vedere rolul \u0219i implicarea Camerei de Comer\u021b \u0219i Industrie Suceava \u00een\u00a0 reprezentarea, ap\u0103rarea \u015fi sus\u0163inerea intereselor membrilor s\u0103i \u015fi ale comunit\u0103\u0163ii de afaceri \u00een raport cu autorit\u0103\u0163ile publice \u015fi cu organismele din \u0163ar\u0103 \u015fi din str\u0103in\u0103tate, precum \u0219i disponibilitatea reprezentan\u021bilor autorit\u0103\u021bilor locale de implicare \u0219i participare la un dialog constructiv \u00een acest sens,<\/p>\n<p>V\u0103 transmitem invita\u021bia de a participa la o dezbatere \u00een leg\u0103tur\u0103 cu oportunit\u0103\u021bile de afaceri transfrontaliere Rom\u00e2nia &#8211; Ucraina, \u00een Sala Bucovina din Palatul Administrativ, \u00een data de <strong><em>01.10.2016, ora 12:00, <\/em><\/strong>av\u00e2nd drept scop:<\/p>\n<ul>\n<li>Analizarea problemelor \u00eent\u00e2mpinate \u00een procesul de cooperare transfrontalier\u0103 \u0103n domeniul dezvolt\u0103rii afacerilor;<\/li>\n<\/ul>\n<ul>\n<li>Identificarea unor solu\u021bii de dezvoltare a afacerilor \u00een zona transfrontalier\u0103 Rom\u00e2nia &#8211; Ucraina;<\/li>\n<\/ul>\n<ul>\n<li>Stabilirea unei direc\u021bii viitoare de colaborare.<\/li>\n<\/ul>\n<p>&nbsp;<\/p>\n<p>V\u0103 rug\u0103m s\u0103 confirma\u021bi participare la adresa de e-mail <a href=\"mailto:office@ccisuceava.ro\">office@ccisuceava.ro<\/a>.<\/p>\n<h2><a href=\"http:\/\/ccisv.ro\/content\/wp-content\/uploads\/2016\/09\/Invitatie-\u00eent\u00e2lnire-oameni-de-afaceri-din-regiunea-Cern\u0103u\u021bi.pdf\" rel=\"\">invitatie-intalnire-oameni-de-afaceri-din-regiunea-Cernauti<\/a><\/h2>\n<h2><a href=\"http:\/\/ccisv.ro\/content\/wp-content\/uploads\/2016\/09\/Confirmari-participanti-Ucraina.pdf\" rel=\"\">confirmari-participanti-ucraina<\/a><\/h2>\n","protected":false},"excerpt":{"rendered":"<p>Stima\u021bi membri, &nbsp; Av\u00e2nd \u00een vedere rolul \u0219i implicarea Camerei de Comer\u021b \u0219i Industrie Suceava \u00een\u00a0 reprezentarea, ap\u0103rarea \u015fi sus\u0163inerea intereselor membrilor s\u0103i \u015fi ale comunit\u0103\u0163ii de afaceri \u00een raport cu autorit\u0103\u0163ile publice \u015fi cu organismele din \u0163ar\u0103 \u015fi din str\u0103in\u0103tate, precum \u0219i disponibilitatea reprezentan\u021bilor autorit\u0103\u021bilor locale de implicare \u0219i participare la un dialog constructiv<\/p>\n","protected":false},"author":3,"featured_media":0,"comment_status":"closed","ping_status":"open","sticky":false,"template":"","format":"standard","meta":{"footnotes":""},"categories":[67],"tags":[],"class_list":["post-33157","post","type-post","status-publish","format-standard","hentry","category-activitati-cci"],"_links":{"self":[{"href":"https:\/\/ccisv.ro\/content\/wp-json\/wp\/v2\/posts\/33157","targetHints":{"allow":["GET"]}}],"collection":[{"href":"https:\/\/ccisv.ro\/content\/wp-json\/wp\/v2\/posts"}],"about":[{"href":"https:\/\/ccisv.ro\/content\/wp-json\/wp\/v2\/types\/post"}],"author":[{"embeddable":true,"href":"https:\/\/ccisv.ro\/content\/wp-json\/wp\/v2\/users\/3"}],"replies":[{"embeddable":true,"href":"https:\/\/ccisv.ro\/content\/wp-json\/wp\/v2\/comments?post=33157"}],"version-history":[{"count":2,"href":"https:\/\/ccisv.ro\/content\/wp-json\/wp\/v2\/posts\/33157\/revisions"}],"predecessor-version":[{"id":33228,"href":"https:\/\/ccisv.ro\/content\/wp-json\/wp\/v2\/posts\/33157\/revisions\/33228"}],"wp:attachment":[{"href":"https:\/\/ccisv.ro\/content\/wp-json\/wp\/v2\/media?parent=33157"}],"wp:term":[{"taxonomy":"category","embeddable":true,"href":"https:\/\/ccisv.ro\/content\/wp-json\/wp\/v2\/categories?post=33157"},{"taxonomy":"post_tag","embeddable":true,"href":"https:\/\/ccisv.ro\/content\/wp-json\/wp\/v2\/tags?post=33157"}],"curies":[{"name":"wp","href":"https:\/\/api.w.org\/{rel}","templated":true}]}}