{"id":32888,"date":"2016-08-25T12:08:00","date_gmt":"2016-08-25T10:08:00","guid":{"rendered":"http:\/\/ccisv.ro\/content\/?p=32888"},"modified":"2016-08-25T12:08:00","modified_gmt":"2016-08-25T10:08:00","slug":"invitatie-mobila-expo-mamaia","status":"publish","type":"post","link":"https:\/\/ccisv.ro\/content\/invitatie-mobila-expo-mamaia\/","title":{"rendered":"Invita\u021bie &#8211; Mobila Expo, Mamaia"},"content":{"rendered":"<p>Stimati membri,<\/p>\n<p>In perioada 13-16 octombrie 2016 va avea loc, la Constan\u0163a, t\u00e2rgul de mobil\u0103 MOBILA EXPO ,eveniment ce se adreseaz\u0103 at\u00e2t publicului larg, c\u00e2t \u015fi, \u00een mod special, proprietarilor \u015fi managerilor unit\u0103\u0163ilor de turism \u015fi alimenta\u0163ie public\u0103 din zona litoralului rom\u00e2nesc,interesa\u0163i de dotarea sau modernizarea unit\u0103\u0163ilor pe care le de\u0163in.Peste o treime din capacitatea de cazare turistic\u0103 a Rom\u00e2niei se afl\u0103 pe litoral, in jude\u0163ul Constan\u0163a!<\/p>\n<p>Buna colaborare cu asocia\u0163iile din industria mobilei APMR si ACRM a dus la cre\u015fterea gradului de profesionalism, participan\u0163ii din edi\u0163ile anterioare au fost dintre marii juc\u0103tori de pe pia\u0163a de profil.Acest lucru a contribuit la diversificarea si cre\u015fterea calit\u0103\u0163ii produselor expuse. Raspunsul clien\u0163ilor din Constan\u0163a a fost pe m\u0103sura a\u015ftept\u0103rilor.Cre\u015fterea num\u0103rului de comenzi din partea const\u0103n\u0163enilor ne incurajeaz\u0103 s\u0103 organizam edi\u0163ia de toamn\u0103 la acelea\u015fi cote de profesionalism.<\/p>\n<p>Evenimentul i\u015fi propune s\u0103 reuneasc\u0103,\u00een aceea\u015fi loca\u0163ie,firme produc\u0103toare de mobilier de cea mai bun\u0103 calitate, pentru toate stilurile \u015fi categoriile de cump\u0103r\u0103tori.Sunt vizate toate categoriile de clien\u0163i , Constan\u0163a reprezent\u00e2nd un poten\u0163ial ridicat de desfacere , datorit\u0103 dezvolt\u0103rii pie\u0163ei de \u00eenchirieri de resort-uri \u015fi complexe imobiliare, a dezvolt\u0103rii turismului de lux \u015fi al nivelului puterii de cump\u0103rare al popula\u0163iei, in cre\u015ftere, al regiunii.<br \/>\nUnul dintre obiectivele propuse este acela de a crea un sistem de solu\u0163ii complete, orientat spre realizarea ideilor creatoare ale constructorilor \u015fi designerilor de mobil\u0103 \u015fi consolidarea rela\u0163iilor de afaceri dintre produc\u0103tori de mobil\u0103, accesorii \u015fi utilaje din cadrul industriei de mobil\u0103.<\/p>\n<p>CCINA, in calitate de organizator, pune la dispozi\u0163ia poten\u0163ialilor expozan\u0163i pavilionul de la intrarea in sta\u0163iunea Mamaia, un spa\u0163iu special destinat organiz\u0103rii unor astfel de evenimente. Pentru a veni \u00een \u00eentampinarea nevoilor expozan\u0163ilor dar \u015fi al poten\u0163ialilor cump\u0103r\u0103tori si contractori , pe perioada t\u00e2rgului,se va desf\u0103\u015fura o ampl\u0103 campanie media de promovare, ce include conferin\u0163\u0103 de pres\u0103 la deschidere, promovarea evenimentului in presa scris\u0103, radio, tv, on-line \u015fi out door: bannere, afi\u015fe, flyere, precum si invita\u0163ii ce vor fi transmise unit\u0103\u0163ilor de cazare turistic\u0103 si de alimenta\u0163ie din zona litoralului rom\u00e2nesc.<\/p>\n<h2><a href=\"http:\/\/ccisv.ro\/content\/wp-content\/uploads\/2016\/08\/Adeziune-Mobila.pdf\" rel=\"\">Adeziune Mobila<\/a><\/h2>\n<p>Sursa: CCINA Constan\u021ba<\/p>\n<p>&nbsp;<\/p>\n","protected":false},"excerpt":{"rendered":"<p>Stimati membri, In perioada 13-16 octombrie 2016 va avea loc, la Constan\u0163a, t\u00e2rgul de mobil\u0103 MOBILA EXPO ,eveniment ce se adreseaz\u0103 at\u00e2t publicului larg, c\u00e2t \u015fi, \u00een mod special, proprietarilor \u015fi managerilor unit\u0103\u0163ilor de turism \u015fi alimenta\u0163ie public\u0103 din zona litoralului rom\u00e2nesc,interesa\u0163i de dotarea sau modernizarea unit\u0103\u0163ilor pe care le de\u0163in.Peste o treime din capacitatea<\/p>\n","protected":false},"author":3,"featured_media":0,"comment_status":"closed","ping_status":"open","sticky":false,"template":"","format":"standard","meta":{"footnotes":""},"categories":[60],"tags":[],"class_list":["post-32888","post","type-post","status-publish","format-standard","hentry","category-evenimente"],"_links":{"self":[{"href":"https:\/\/ccisv.ro\/content\/wp-json\/wp\/v2\/posts\/32888","targetHints":{"allow":["GET"]}}],"collection":[{"href":"https:\/\/ccisv.ro\/content\/wp-json\/wp\/v2\/posts"}],"about":[{"href":"https:\/\/ccisv.ro\/content\/wp-json\/wp\/v2\/types\/post"}],"author":[{"embeddable":true,"href":"https:\/\/ccisv.ro\/content\/wp-json\/wp\/v2\/users\/3"}],"replies":[{"embeddable":true,"href":"https:\/\/ccisv.ro\/content\/wp-json\/wp\/v2\/comments?post=32888"}],"version-history":[{"count":1,"href":"https:\/\/ccisv.ro\/content\/wp-json\/wp\/v2\/posts\/32888\/revisions"}],"predecessor-version":[{"id":32891,"href":"https:\/\/ccisv.ro\/content\/wp-json\/wp\/v2\/posts\/32888\/revisions\/32891"}],"wp:attachment":[{"href":"https:\/\/ccisv.ro\/content\/wp-json\/wp\/v2\/media?parent=32888"}],"wp:term":[{"taxonomy":"category","embeddable":true,"href":"https:\/\/ccisv.ro\/content\/wp-json\/wp\/v2\/categories?post=32888"},{"taxonomy":"post_tag","embeddable":true,"href":"https:\/\/ccisv.ro\/content\/wp-json\/wp\/v2\/tags?post=32888"}],"curies":[{"name":"wp","href":"https:\/\/api.w.org\/{rel}","templated":true}]}}