{"id":32857,"date":"2016-08-18T13:31:08","date_gmt":"2016-08-18T11:31:08","guid":{"rendered":"http:\/\/ccisv.ro\/content\/?p=32857"},"modified":"2023-06-28T11:52:08","modified_gmt":"2023-06-28T08:52:08","slug":"pozitia-camerei-de-comert-si-industrie-a-romaniei-privind-invatamantul-profesional-dual","status":"publish","type":"post","link":"https:\/\/ccisv.ro\/content\/pozitia-camerei-de-comert-si-industrie-a-romaniei-privind-invatamantul-profesional-dual\/","title":{"rendered":"Pozi\u021bia Camerei de Comer\u021b \u0219i Industrie a Rom\u00e2niei privind \u00eenv\u0103\u021b\u0103m\u00e2ntul profesional dual"},"content":{"rendered":"<p>Stimati membri,<\/p>\n<p>Va informam cu privirea la intalnirea de lucru care a avut loc in data de <strong>02 august 2016<\/strong>, la sediul Ministerului Educatiei Nationale si Cercetarii Stiintifice, unde au participat domnul Presedinte CCIR, Mihai Daraban, domnul Mihai Apopii, Vicepresedinte la nivel de reprezentare CCIR si domnul Mircea Dumitru, Ministrul Educatiei Nationale si Cercetarii Stiintifice.<\/p>\n<p>In cadrul intalnirii au fost prezentate demersurile intreprinse de CCIR si Camerele de Comert si Industrie Judetene pentru dezvoltarea invatamantului profesional dual.<\/p>\n<p>Va informam cu privire la urmatoarele actiuni ale Ministerului pentru domeniul invatamantului dual, si anume faptul ca pana la <strong>15 august<\/strong> va fi emis un ordin privind organizarea invatamantului profesional in sistem dual, urmand ca pana la <strong>30 noiembrie<\/strong> un comitet de lucru va elabora si inainta spre legiferare prin HG,\u00a0 modificari ale legislatiei conexe acestui domeniu.<\/p>\n<p>Totodata, va rugam sa regasiti pozitia CCIR privind <em>,,Invatamantul profesional dual \u2013 solutia rezolvarii nevoii de personal calificat in economia nationala<\/em>\u201d.<\/p>\n<h2><a href=\"http:\/\/ccisv.ro\/content\/wp-content\/uploads\/2016\/08\/Invatamantul-profesional-dual_solutia-rezolvarii-nevoii-de-personal-calificat-in-economia-nationala.pdf\" rel=\"\">Invatamantul profesional dual_solutia rezolvarii nevoii de personal calificat in economia nationala<\/a><\/h2>\n<p>Sursa: CCIR<\/p>\n","protected":false},"excerpt":{"rendered":"<p>Stimati membri, Va informam cu privirea la intalnirea de lucru care a avut loc in data de 02 august 2016, la sediul Ministerului Educatiei Nationale si Cercetarii Stiintifice, unde au participat domnul Presedinte CCIR, Mihai Daraban, domnul Mihai Apopii, Vicepresedinte la nivel de reprezentare CCIR si domnul Mircea Dumitru, Ministrul Educatiei Nationale si Cercetarii Stiintifice.<\/p>\n","protected":false},"author":3,"featured_media":0,"comment_status":"closed","ping_status":"open","sticky":false,"template":"","format":"standard","meta":{"footnotes":""},"categories":[60],"tags":[],"class_list":["post-32857","post","type-post","status-publish","format-standard","hentry","category-evenimente"],"_links":{"self":[{"href":"https:\/\/ccisv.ro\/content\/wp-json\/wp\/v2\/posts\/32857","targetHints":{"allow":["GET"]}}],"collection":[{"href":"https:\/\/ccisv.ro\/content\/wp-json\/wp\/v2\/posts"}],"about":[{"href":"https:\/\/ccisv.ro\/content\/wp-json\/wp\/v2\/types\/post"}],"author":[{"embeddable":true,"href":"https:\/\/ccisv.ro\/content\/wp-json\/wp\/v2\/users\/3"}],"replies":[{"embeddable":true,"href":"https:\/\/ccisv.ro\/content\/wp-json\/wp\/v2\/comments?post=32857"}],"version-history":[{"count":1,"href":"https:\/\/ccisv.ro\/content\/wp-json\/wp\/v2\/posts\/32857\/revisions"}],"predecessor-version":[{"id":32859,"href":"https:\/\/ccisv.ro\/content\/wp-json\/wp\/v2\/posts\/32857\/revisions\/32859"}],"wp:attachment":[{"href":"https:\/\/ccisv.ro\/content\/wp-json\/wp\/v2\/media?parent=32857"}],"wp:term":[{"taxonomy":"category","embeddable":true,"href":"https:\/\/ccisv.ro\/content\/wp-json\/wp\/v2\/categories?post=32857"},{"taxonomy":"post_tag","embeddable":true,"href":"https:\/\/ccisv.ro\/content\/wp-json\/wp\/v2\/tags?post=32857"}],"curies":[{"name":"wp","href":"https:\/\/api.w.org\/{rel}","templated":true}]}}