{"id":31378,"date":"2016-04-21T14:26:57","date_gmt":"2016-04-21T12:26:57","guid":{"rendered":"http:\/\/ccisv.ro\/content\/?p=31378"},"modified":"2016-04-21T14:26:57","modified_gmt":"2016-04-21T12:26:57","slug":"invitatie-forumul-anual-al-strategiei-ue-pentru-marea-adriatica-si-regiunea-ionica-eusair-dubrovnik-12-13-mai-2016","status":"publish","type":"post","link":"https:\/\/ccisv.ro\/content\/invitatie-forumul-anual-al-strategiei-ue-pentru-marea-adriatica-si-regiunea-ionica-eusair-dubrovnik-12-13-mai-2016\/","title":{"rendered":"Invita\u021bie &#8211; Forumul anual al Strategiei UE pentru Marea Adriatic\u0103 \u0219i Regiunea Ionic\u0103 (EUSAIR) &#8211; Dubrovnik, 12-13 mai 2016"},"content":{"rendered":"<p>Stimati membri,<\/p>\n<p>Camera de Comert si Industrie a Romaniei are placerea de a va informa cu privire la desfasurarea ,,Forumului anual al Strategiei UE pentru Marea Adriatica si Regiunea Ionica (EUSAIR) care va avea loc in perioada 12-13 mai 2016 in Dubrovnik, Croatia.<\/p>\n<p>Pentru acest eveniment nu este perceputa taxa de participare.<\/p>\n<p>Evenimentul \u00a0este organizat de Enterprise Europe Network (EEN), cea mai mare retea la nivel mondial pentru sprijinirea anteprenoriatului care reuneste peste 600 de companii din peste 60 tari, in colaborare cu Camera de Comert Croata si Comisia Europeana.<\/p>\n<p>In consecinta, potentialii participanti la eveniment ar putea fi operatori de turism, fermieri, companiile de productie de diverse profiluri, organizatorii de activitati sportive pentru recreere, proprietarii de ambarcatiuni, porturi de agrement si alte organizatii de cercetare, asociatii profesionale.<\/p>\n<p>Anexat, va rugam sa regasiti agenda evenimentului ,,Forumulanual al Strategiei UE pentru Marea Adriatica si Regiunea Ionica (EUSAIR)\u201d.<\/p>\n<p>Mai multe informa\u021bii despre Forum sunt disponibil pe site-ul <a href=\"http:\/\/ec.europa.eu\/regional_policy\/en\/conferences\/adriatic-ionian\/2016\">http:\/\/ec.europa.eu\/regional_policy\/en\/conferences\/adriatic-ionian\/2016<\/a> , iar despre evenimentul B2B pe site-ul <a href=\"http:\/\/b2beusair.talkb2b.net\/\">http:\/\/b2beusair.talkb2b.net<\/a> .<\/p>\n<p>To\u0163i cei interesa\u0163i pot aplica pentru a participa la evenimentul B2B pe pagina web men\u0163ionat\u0103.<\/p>\n<h2><a href=\"http:\/\/ccisv.ro\/content\/wp-content\/uploads\/2016\/04\/EUSAIR-B2B-event-info.doc\" rel=\"\">EUSAIR B2B event &#8211; info<\/a><\/h2>\n<p>Sursa: CCIR<\/p>\n","protected":false},"excerpt":{"rendered":"<p>Stimati membri, Camera de Comert si Industrie a Romaniei are placerea de a va informa cu privire la desfasurarea ,,Forumului anual al Strategiei UE pentru Marea Adriatica si Regiunea Ionica (EUSAIR) care va avea loc in perioada 12-13 mai 2016 in Dubrovnik, Croatia. Pentru acest eveniment nu este perceputa taxa de participare. Evenimentul \u00a0este organizat<\/p>\n","protected":false},"author":3,"featured_media":0,"comment_status":"closed","ping_status":"open","sticky":false,"template":"","format":"standard","meta":{"footnotes":""},"categories":[60],"tags":[],"class_list":["post-31378","post","type-post","status-publish","format-standard","hentry","category-evenimente"],"_links":{"self":[{"href":"https:\/\/ccisv.ro\/content\/wp-json\/wp\/v2\/posts\/31378","targetHints":{"allow":["GET"]}}],"collection":[{"href":"https:\/\/ccisv.ro\/content\/wp-json\/wp\/v2\/posts"}],"about":[{"href":"https:\/\/ccisv.ro\/content\/wp-json\/wp\/v2\/types\/post"}],"author":[{"embeddable":true,"href":"https:\/\/ccisv.ro\/content\/wp-json\/wp\/v2\/users\/3"}],"replies":[{"embeddable":true,"href":"https:\/\/ccisv.ro\/content\/wp-json\/wp\/v2\/comments?post=31378"}],"version-history":[{"count":1,"href":"https:\/\/ccisv.ro\/content\/wp-json\/wp\/v2\/posts\/31378\/revisions"}],"predecessor-version":[{"id":31380,"href":"https:\/\/ccisv.ro\/content\/wp-json\/wp\/v2\/posts\/31378\/revisions\/31380"}],"wp:attachment":[{"href":"https:\/\/ccisv.ro\/content\/wp-json\/wp\/v2\/media?parent=31378"}],"wp:term":[{"taxonomy":"category","embeddable":true,"href":"https:\/\/ccisv.ro\/content\/wp-json\/wp\/v2\/categories?post=31378"},{"taxonomy":"post_tag","embeddable":true,"href":"https:\/\/ccisv.ro\/content\/wp-json\/wp\/v2\/tags?post=31378"}],"curies":[{"name":"wp","href":"https:\/\/api.w.org\/{rel}","templated":true}]}}