{"id":29032,"date":"2015-12-10T12:32:26","date_gmt":"2015-12-10T09:32:26","guid":{"rendered":"http:\/\/www.ccisv.ro\/content\/?p=29032"},"modified":"2015-12-10T12:32:26","modified_gmt":"2015-12-10T09:32:26","slug":"targuri-si-expozitii-europa","status":"publish","type":"post","link":"https:\/\/ccisv.ro\/content\/targuri-si-expozitii-europa\/","title":{"rendered":"T\u00e2rguri \u015fi expozi\u0163ii &#8211; Europa"},"content":{"rendered":"<p>Stima\u0163i membri,<\/p>\n<p>V\u0103 transmitem programul t\u00e2rgurilor \u015fi expozi\u0163iilor pentru anul 2016 din mai multe \u0163\u0103ri europene.<\/p>\n<h3><a href=\"http:\/\/www.ccisv.ro\/content\/wp-content\/uploads\/2015\/12\/T\u00e2rguri-\u015fi-expozi\u0163ii-Austria.doc\">T\u00e2rguri \u015fi expozi\u0163ii Austria<\/a><\/h3>\n<h3><a href=\"http:\/\/www.ccisv.ro\/content\/wp-content\/uploads\/2015\/12\/T\u00e2rguri-\u015fi-expozi\u0163ii-Fran\u0163a.doc\">T\u00e2rguri \u015fi expozi\u0163ii Fran\u0163a<\/a><\/h3>\n<h3><a href=\"http:\/\/www.ccisv.ro\/content\/wp-content\/uploads\/2015\/12\/T\u00e2rguri-\u015fi-expozi\u0163ii-Polonia.doc\">T\u00e2rguri \u015fi expozi\u0163ii Polonia<\/a><\/h3>\n<h3><a href=\"http:\/\/www.ccisv.ro\/content\/wp-content\/uploads\/2015\/12\/T\u00e2rguri-\u015fi-expozi\u0163ii-Portugalia.docx\">T\u00e2rguri \u015fi expozi\u0163ii Portugalia<\/a><\/h3>\n<h3><a href=\"http:\/\/www.ccisv.ro\/content\/wp-content\/uploads\/2015\/12\/T\u00e2rguri-\u015fi-expozi\u0163ii-Spania.docx\">T\u00e2rguri \u015fi expozi\u0163ii Spania<\/a><\/h3>\n<p>Sursa: Portal de Comer\u0163<\/p>\n","protected":false},"excerpt":{"rendered":"<p>Stima\u0163i membri, V\u0103 transmitem programul t\u00e2rgurilor \u015fi expozi\u0163iilor pentru anul 2016 din mai multe \u0163\u0103ri europene. T\u00e2rguri \u015fi expozi\u0163ii Austria T\u00e2rguri \u015fi expozi\u0163ii Fran\u0163a T\u00e2rguri \u015fi expozi\u0163ii Polonia T\u00e2rguri \u015fi expozi\u0163ii Portugalia T\u00e2rguri \u015fi expozi\u0163ii Spania Sursa: Portal de Comer\u0163<\/p>\n","protected":false},"author":3,"featured_media":0,"comment_status":"open","ping_status":"open","sticky":false,"template":"","format":"standard","meta":{"footnotes":""},"categories":[60],"tags":[],"class_list":["post-29032","post","type-post","status-publish","format-standard","hentry","category-evenimente"],"_links":{"self":[{"href":"https:\/\/ccisv.ro\/content\/wp-json\/wp\/v2\/posts\/29032","targetHints":{"allow":["GET"]}}],"collection":[{"href":"https:\/\/ccisv.ro\/content\/wp-json\/wp\/v2\/posts"}],"about":[{"href":"https:\/\/ccisv.ro\/content\/wp-json\/wp\/v2\/types\/post"}],"author":[{"embeddable":true,"href":"https:\/\/ccisv.ro\/content\/wp-json\/wp\/v2\/users\/3"}],"replies":[{"embeddable":true,"href":"https:\/\/ccisv.ro\/content\/wp-json\/wp\/v2\/comments?post=29032"}],"version-history":[{"count":0,"href":"https:\/\/ccisv.ro\/content\/wp-json\/wp\/v2\/posts\/29032\/revisions"}],"wp:attachment":[{"href":"https:\/\/ccisv.ro\/content\/wp-json\/wp\/v2\/media?parent=29032"}],"wp:term":[{"taxonomy":"category","embeddable":true,"href":"https:\/\/ccisv.ro\/content\/wp-json\/wp\/v2\/categories?post=29032"},{"taxonomy":"post_tag","embeddable":true,"href":"https:\/\/ccisv.ro\/content\/wp-json\/wp\/v2\/tags?post=29032"}],"curies":[{"name":"wp","href":"https:\/\/api.w.org\/{rel}","templated":true}]}}