{"id":28833,"date":"2015-11-19T15:59:57","date_gmt":"2015-11-19T12:59:57","guid":{"rendered":"http:\/\/www.ccisv.ro\/content\/?p=28833"},"modified":"2015-11-19T15:59:57","modified_gmt":"2015-11-19T12:59:57","slug":"invitatie-conferinta-regionala-regio-investitiile-pentru-dezvoltare-locala-continua-25-noiembrie-2015-piatra-neamt","status":"publish","type":"post","link":"https:\/\/ccisv.ro\/content\/invitatie-conferinta-regionala-regio-investitiile-pentru-dezvoltare-locala-continua-25-noiembrie-2015-piatra-neamt\/","title":{"rendered":"Invita\u0163ie Conferin\u0163a regional\u0103 &quot;REGIO &#8211; investi\u0163iile pentru dezvoltare local\u0103 continu\u0103!&quot;, 25 noiembrie 2015, Piatra Neam\u0163"},"content":{"rendered":"<p>Stimati membri,<\/p>\n<p><strong>Agentia pentru Dezvoltare Regionala Nord-Est va invita <\/strong><strong>miercuri, 25 noiembrie 2015, <\/strong><strong>la Conferinta regionala<\/strong><strong> \u201cREGIO \u2013 investitiile pentru dezvoltare locala continua!\u201d <\/strong><strong>care va avea loc la<\/strong><strong> Piatra-Neamt, <\/strong><strong>incepand cu<\/strong><strong> ora 10:00, <\/strong><strong>in Sala Milenium din cadrul<\/strong><strong> Hotelului Central Plaza, <\/strong><strong>Piata Petrodava, nr. 1 &#8211; 3.<\/strong><\/p>\n<p>In fiecare an, evenimentul reuneste reprezentanti ai Autoritatii de Management, ai Organismului Intermediar, beneficiari si consultanti care au fost implicati in implementarea Programului Operational Regional 2007-2013 si care folosesc aceasta oportunitate pentru a impartasi impresii, informatii utile si lectii invatate pe parcursul derularii programului.<\/p>\n<p>Conferinta lanseaza si noile provocari ale urmatoarei perioade de programare. Pe langa investitii in infrastructura sociala si rutiera, in sanatate, educatie si turism, Programul Operational Regional 2014-2020 va finanta si alte categorii de proiecte: reabilitarea termica a cladirilor publice, centre de transfer tehnologic si lucrari de cadastru. Dezvoltare si mobilitate urbana, eficienta energetica, consolidarea pe piata a pozitiei IMM, dezvoltarea locala plasata sub responsabilitatea comunitatii si, nu in ultimul rand, rolul promovarii proiectelor europene, vor fi abordari tematice dezbatute in cadrul acestei conferinte.<\/p>\n<p>Accesul in sala este gratuit, in conditiile confirmarii participarii pana la data de <b>24 noiembrie 2015<\/b>, ora 12, la telefon\/ fax: 0233224167, e-mail: <a href=\"mailto:cferman@adrnordest.ro\">cferman@adrnordest.ro<\/a> .<\/p>\n<h3><a href=\"http:\/\/www.ccisv.ro\/content\/wp-content\/uploads\/2015\/11\/Agenda_conferinta_REGIO_25-noiembrie-2015-v.doc\">Agenda_conferinta_REGIO_25 noiembrie 2015 v<\/a><\/h3>\n<p>Sursa:\u00a0Agentia pentru Dezvoltare Regionala Nord-Est<\/p>\n","protected":false},"excerpt":{"rendered":"<p>Stimati membri, Agentia pentru Dezvoltare Regionala Nord-Est va invita miercuri, 25 noiembrie 2015, la Conferinta regionala \u201cREGIO \u2013 investitiile pentru dezvoltare locala continua!\u201d care va avea loc la Piatra-Neamt, incepand cu ora 10:00, in Sala Milenium din cadrul Hotelului Central Plaza, Piata Petrodava, nr. 1 &#8211; 3. In fiecare an, evenimentul reuneste reprezentanti ai Autoritatii<\/p>\n","protected":false},"author":3,"featured_media":0,"comment_status":"open","ping_status":"open","sticky":false,"template":"","format":"standard","meta":{"footnotes":""},"categories":[60],"tags":[],"class_list":["post-28833","post","type-post","status-publish","format-standard","hentry","category-evenimente"],"_links":{"self":[{"href":"https:\/\/ccisv.ro\/content\/wp-json\/wp\/v2\/posts\/28833","targetHints":{"allow":["GET"]}}],"collection":[{"href":"https:\/\/ccisv.ro\/content\/wp-json\/wp\/v2\/posts"}],"about":[{"href":"https:\/\/ccisv.ro\/content\/wp-json\/wp\/v2\/types\/post"}],"author":[{"embeddable":true,"href":"https:\/\/ccisv.ro\/content\/wp-json\/wp\/v2\/users\/3"}],"replies":[{"embeddable":true,"href":"https:\/\/ccisv.ro\/content\/wp-json\/wp\/v2\/comments?post=28833"}],"version-history":[{"count":0,"href":"https:\/\/ccisv.ro\/content\/wp-json\/wp\/v2\/posts\/28833\/revisions"}],"wp:attachment":[{"href":"https:\/\/ccisv.ro\/content\/wp-json\/wp\/v2\/media?parent=28833"}],"wp:term":[{"taxonomy":"category","embeddable":true,"href":"https:\/\/ccisv.ro\/content\/wp-json\/wp\/v2\/categories?post=28833"},{"taxonomy":"post_tag","embeddable":true,"href":"https:\/\/ccisv.ro\/content\/wp-json\/wp\/v2\/tags?post=28833"}],"curies":[{"name":"wp","href":"https:\/\/api.w.org\/{rel}","templated":true}]}}