{"id":26262,"date":"2015-03-19T14:17:07","date_gmt":"2015-03-19T11:17:07","guid":{"rendered":"http:\/\/www.ccisv.ro\/content\/?p=26262"},"modified":"2023-06-28T11:53:10","modified_gmt":"2023-06-28T08:53:10","slug":"agro-expo-bucovina-20-22-martie-2015","status":"publish","type":"post","link":"https:\/\/ccisv.ro\/content\/agro-expo-bucovina-20-22-martie-2015\/","title":{"rendered":"Agro Expo Bucovina 20 &#8211; 22 martie 2015"},"content":{"rendered":"<p><a href=\"http:\/\/www.ccisv.ro\/content\/wp-content\/uploads\/2015\/03\/antet.png\"><img decoding=\"async\" class=\"alignnone size-full wp-image-26263\" src=\"http:\/\/www.ccisv.ro\/content\/wp-content\/uploads\/2015\/03\/antet.png\" alt=\"antet\" width=\"3425\" height=\"653\" \/><\/a><\/p>\n<p>\u00cen perioada 20 \u2013 22 martie 2015 va avea loc cel mai mare \u015fi important eveniment agricol din zona Moldovei, <b>t\u00e2rgul Agro Expo Bucovina<\/b>. Cea de-a XIII-a edi\u0163ie a t\u00e2rgului este organizat\u0103 \u00een parcarea Iulius Mall Suceava de c\u0103tre <b>Camera de Comer\u0163 \u015fi Industrie Suceava<\/b> \u00een parteneriat cu <b>Consiliul Jude\u0163ean Suceava <\/b>\u015fi <b>Direc\u0163ia Agricol\u0103 Suceava<\/b>.<\/p>\n<p>Evenimentul reprezint\u0103 cea mai complex\u0103 manifestare de acest gen din zona de Nord-Est a Rom\u00e2niei, av\u00e2nd ca scop promovarea agriculturii din \u0163ara noastr\u0103, a poten\u0163ialului zootehnic autohton, a produselor tradi\u0163ionale \u015fi a echipamentelor \u015fi utilajelor agricole. De la an la an, cu fiecare edi\u0163ie, t\u00e2rgul <b>Agro Expo Bucovina<\/b> a avut o cre\u015ftere a expozan\u0163ilor \u015fi a num\u0103rului de vizitatori de specialitate prezen\u0163i la t\u00e2rg, dar \u015fi o evolu\u0163ie \u00een num\u0103rul \u015fi calitatea exponatelor prezentate, tot mai performante, mai apropiate de nevoile reale ale fermelor rom\u00e2ne\u015fti mici \u015fi mijlocii \u015fi a gospod\u0103riilor \u0163\u0103r\u0103ne\u015fti, ale tuturor fermierilor, agricultorilor \u015fi procesatorilor de produse agroalimentare.<\/p>\n<p>Vizitatorii au ocazia s\u0103 se informeze \u015fi s\u0103 ob\u0163in\u0103 sfaturi avizate de la cei peste 60 de expozan\u0163i din \u0163ar\u0103 \u015fi str\u0103in\u0103tate specializa\u0163i \u00een ma\u015fini, utilaje \u015fi tehnologii pentru industria alimentar\u0103; aparatur\u0103 de laborator; produse alimentare; miere \u015fi produse apicole; arome, esen\u0163e, coloran\u0163i \u015fi aditivi pentru industria alimentar\u0103; legume \u015fi fructe; conserve; echipamente de protec\u0163ie pentru industria alimentar\u0103; igienizare, detergen\u0163i, dezinfectan\u0163i pentru industria alimentar\u0103; instala\u0163ii frigorifice; produc\u0103tori agricoli; utilaje forestiere; ma\u015fini, utilaje \u015fi unelte agricole; anvelope \u015fi piese de schimb pentru tractoare \u015fi utilaje agricole; semin\u0163e \u015fi material s\u0103ditor ; \u00eengr\u0103\u015f\u0103minte \u015fi pesticide; tehnologii \u015fi echipamente pentru iriga\u0163ii; animale de ras\u0103 \u015fi p\u0103s\u0103ri; tehnologii de cre\u015fterea animalelor; tehnologii \u015fi metode de \u00eembun\u0103t\u0103\u0163ire a raselor; incubatoare; ma\u015fini \u015fi echipamente pentru abatorizare; furaje, nutre\u0163uri, concentrate, aditivi, premixuri; metode de hr\u0103nire, sisteme de distribu\u0163ie a hranei; instrumente, tratamente \u015fi medicamente de uz veterinar, dezinfectan\u0163i; echipamente de \u00eenc\u0103lzire \u015fi aer condi\u0163ionat; silozuri, usc\u0103toare \u015fi mijloace de transport a cerealelor; tehnologii de reproducere \u015fi cre\u015ftere artificial\u0103 a pe\u015ftelui; tehnologii de pescuit; flori \u015fi plante de apartament, pentru gr\u0103dini, parcuri \u015fi sere; mobilier \u015fi accesorii pentru gr\u0103dini \u015fi terase; echipamente \u015fi unelte pentru gr\u0103din\u0103rit; altele.<\/p>\n<p>\u015ei \u00een acest an ve\u0163i putea vizita, pe l\u00e2ng\u0103 standurile celor peste 60 de firme participante, Salonul Alimenta Tradi\u0163ional, expozi\u0163ia de p\u0103s\u0103ri \u015fi animale de ras\u0103 \u015fi expozi\u0163ia me\u015fterilor populari. S\u00e2mb\u0103t\u0103, \u00eencep\u00e2nd cu ora 15:30 sunte\u0163i a\u015ftepta\u0163i s\u0103 lua\u0163i parte la programul artistic oferit de Ansamblul Artistic \u201eCiprian Porumbescu\u201c Suceava, iar duminic\u0103 de la ora 14:30 va evolua pe scena amenajat\u0103 cu ocazia Agro Expo Bucovina \u015fi Ansamblul \u015ecolii de Art\u0103 \u201cIon Irimescu\u201d Suceava.<\/p>\n<h3><a href=\"http:\/\/www.ccisv.ro\/content\/wp-content\/uploads\/2015\/03\/Agenda-Agro-Expo-2015.docx\">Agenda Agro Expo 2015<\/a><\/h3>\n<p>&nbsp;<\/p>\n","protected":false},"excerpt":{"rendered":"<p>\u00cen perioada 20 \u2013 22 martie 2015 va avea loc cel mai mare \u015fi important eveniment agricol din zona Moldovei, t\u00e2rgul Agro Expo Bucovina. Cea de-a XIII-a edi\u0163ie a t\u00e2rgului este organizat\u0103 \u00een parcarea Iulius Mall Suceava de c\u0103tre Camera de Comer\u0163 \u015fi Industrie Suceava \u00een parteneriat cu Consiliul Jude\u0163ean Suceava \u015fi Direc\u0163ia Agricol\u0103 Suceava.<\/p>\n","protected":false},"author":3,"featured_media":0,"comment_status":"open","ping_status":"open","sticky":false,"template":"","format":"standard","meta":{"footnotes":""},"categories":[67],"tags":[],"class_list":["post-26262","post","type-post","status-publish","format-standard","hentry","category-activitati-cci"],"_links":{"self":[{"href":"https:\/\/ccisv.ro\/content\/wp-json\/wp\/v2\/posts\/26262","targetHints":{"allow":["GET"]}}],"collection":[{"href":"https:\/\/ccisv.ro\/content\/wp-json\/wp\/v2\/posts"}],"about":[{"href":"https:\/\/ccisv.ro\/content\/wp-json\/wp\/v2\/types\/post"}],"author":[{"embeddable":true,"href":"https:\/\/ccisv.ro\/content\/wp-json\/wp\/v2\/users\/3"}],"replies":[{"embeddable":true,"href":"https:\/\/ccisv.ro\/content\/wp-json\/wp\/v2\/comments?post=26262"}],"version-history":[{"count":1,"href":"https:\/\/ccisv.ro\/content\/wp-json\/wp\/v2\/posts\/26262\/revisions"}],"predecessor-version":[{"id":50198,"href":"https:\/\/ccisv.ro\/content\/wp-json\/wp\/v2\/posts\/26262\/revisions\/50198"}],"wp:attachment":[{"href":"https:\/\/ccisv.ro\/content\/wp-json\/wp\/v2\/media?parent=26262"}],"wp:term":[{"taxonomy":"category","embeddable":true,"href":"https:\/\/ccisv.ro\/content\/wp-json\/wp\/v2\/categories?post=26262"},{"taxonomy":"post_tag","embeddable":true,"href":"https:\/\/ccisv.ro\/content\/wp-json\/wp\/v2\/tags?post=26262"}],"curies":[{"name":"wp","href":"https:\/\/api.w.org\/{rel}","templated":true}]}}